{"id":10741,"date":"2016-11-08T18:36:09","date_gmt":"2016-11-08T21:36:09","guid":{"rendered":"http:\/\/www.rincondelbulla.cl\/portal\/?p=10741"},"modified":"2016-11-08T18:39:07","modified_gmt":"2016-11-08T21:39:07","slug":"alejandro-contreras","status":"publish","type":"post","link":"https:\/\/www.rincondelbulla.cl\/portal\/2016\/11\/08\/alejandro-contreras\/","title":{"rendered":"Alejandro Contreras: \u00abTenemos que seguir mejorando\u00bb"},"content":{"rendered":"<figure id=\"attachment_10742\" aria-describedby=\"caption-attachment-10742\" style=\"width: 640px\" class=\"wp-caption aligncenter\"><img loading=\"lazy\" decoding=\"async\" class=\"wp-image-10742 size-large\" src=\"http:\/\/www.rincondelbulla.cl\/portal\/wp-content\/uploads\/2016\/11\/Cww1NY_WQAA_US4-1200x742.jpg\" alt=\"Foto: udechile.cl\" width=\"640\" height=\"396\" \/><figcaption id=\"caption-attachment-10742\" class=\"wp-caption-text\">Foto: udechile.cl<\/figcaption><\/figure>\n<p><strong>Esta tarde, el encargado de recibir a los medios de prensa en el CDA fue Alejandro Contreras. El defensor, se refiri\u00f3 al momento que vive el cuadro azul se\u00f1alando que se sigue trabajando para que lleguen los resultados.<\/strong><\/p>\n<p><!--more--><\/p>\n<p><strong>El trabajo de la semana:\u00a0<\/strong>Tenemos que trabajar mejor de lo que lo venimos haciendo, para que se den los resultados que queremos. Hay tiempo para corregir errores y sacar resultados positivos.<\/p>\n<p>Cuando no se consiguen los resultados esperados, las fallas quedan m\u00e1s marcadas. Tenemos que seguir mejorando para que de\u00a0alguna manera lleguen los resultados.<\/p>\n<p><strong>El nivel del equipo:\u00a0<\/strong>No hemos estado al nivel y tampoco hemos conseguido los puntos que necesitamos. El semestre no ha sido bueno. Creo que si los resultados se dieran se hablar\u00eda mejor de nosotros.<\/p>\n<p><strong>En lo personal:\u00a0<\/strong>S\u00e9 que puedo dar mucho m\u00e1s. Tengo que estar al cien por ciento para jugar donde el DT me quiera ocupar. Soy central, pero si me ponen de lateral lo puedo hacer.<\/p>\n<p><strong>Un equipo a media m\u00e1quina:\u00a0<\/strong>Hemos tenido la mala suerte de tener varios lesionados y el plantel se resiente un poco, pero tenemos que sacar esto adelante juntos.<\/p>\n<p><strong>El rival de turno:\u00a0<\/strong>Uni\u00f3n Espa\u00f1ola es un equipo complicado que juega muy bien. Tiene delanteros que andan prendidos as\u00ed que tenemos que estar atentos y corregir los errores para sacar un buen resultado.<\/p>\n<p>Luego de la fecha FIFA, el s\u00e1bado 19 de noviembre la U visitar\u00e1 el Estadio Santa Laura para jugar con Uni\u00f3n Espa\u00f1ola a eso de las 18:00 horas. Un partido duro, contra uno de los rivales que mejor juega actualmente en el torneo.<\/p>\n","protected":false},"excerpt":{"rendered":"<p>Esta tarde, el encargado de recibir a los medios de prensa en el CDA fue Alejandro Contreras. El defensor, se refiri\u00f3 al momento que vive el cuadro azul se\u00f1alando que se sigue trabajando para que lleguen los resultados.<\/p>\n","protected":false},"author":21383,"featured_media":10742,"comment_status":"closed","ping_status":"open","sticky":false,"template":"","format":"standard","meta":{"footnotes":""},"categories":[18],"tags":[805,800,157],"class_list":{"0":"post-10741","1":"post","2":"type-post","3":"status-publish","4":"format-standard","5":"has-post-thumbnail","7":"category-actualidad","8":"tag-conferencia","9":"tag-contreras","10":"tag-portada"},"_links":{"self":[{"href":"https:\/\/www.rincondelbulla.cl\/portal\/wp-json\/wp\/v2\/posts\/10741","targetHints":{"allow":["GET"]}}],"collection":[{"href":"https:\/\/www.rincondelbulla.cl\/portal\/wp-json\/wp\/v2\/posts"}],"about":[{"href":"https:\/\/www.rincondelbulla.cl\/portal\/wp-json\/wp\/v2\/types\/post"}],"author":[{"embeddable":true,"href":"https:\/\/www.rincondelbulla.cl\/portal\/wp-json\/wp\/v2\/users\/21383"}],"replies":[{"embeddable":true,"href":"https:\/\/www.rincondelbulla.cl\/portal\/wp-json\/wp\/v2\/comments?post=10741"}],"version-history":[{"count":2,"href":"https:\/\/www.rincondelbulla.cl\/portal\/wp-json\/wp\/v2\/posts\/10741\/revisions"}],"predecessor-version":[{"id":10744,"href":"https:\/\/www.rincondelbulla.cl\/portal\/wp-json\/wp\/v2\/posts\/10741\/revisions\/10744"}],"wp:featuredmedia":[{"embeddable":true,"href":"https:\/\/www.rincondelbulla.cl\/portal\/wp-json\/wp\/v2\/media\/10742"}],"wp:attachment":[{"href":"https:\/\/www.rincondelbulla.cl\/portal\/wp-json\/wp\/v2\/media?parent=10741"}],"wp:term":[{"taxonomy":"category","embeddable":true,"href":"https:\/\/www.rincondelbulla.cl\/portal\/wp-json\/wp\/v2\/categories?post=10741"},{"taxonomy":"post_tag","embeddable":true,"href":"https:\/\/www.rincondelbulla.cl\/portal\/wp-json\/wp\/v2\/tags?post=10741"}],"curies":[{"name":"wp","href":"https:\/\/api.w.org\/{rel}","templated":true}]}}