{"id":10820,"date":"2016-11-24T21:06:38","date_gmt":"2016-11-25T00:06:38","guid":{"rendered":"http:\/\/www.rincondelbulla.cl\/portal\/?p=10820"},"modified":"2016-11-24T21:08:22","modified_gmt":"2016-11-25T00:08:22","slug":"gaston-fernandez-fue-claro-y-aseguro-que-quiere-seguir-en-la-u","status":"publish","type":"post","link":"https:\/\/www.rincondelbulla.cl\/portal\/2016\/11\/24\/gaston-fernandez-fue-claro-y-aseguro-que-quiere-seguir-en-la-u\/","title":{"rendered":"Gast\u00f3n Fern\u00e1ndez fue claro y asegur\u00f3 que quiere seguir en la U"},"content":{"rendered":"<figure id=\"attachment_10237\" aria-describedby=\"caption-attachment-10237\" style=\"width: 1000px\" class=\"wp-caption aligncenter\"><img loading=\"lazy\" decoding=\"async\" class=\"size-full wp-image-10237\" src=\"http:\/\/www.rincondelbulla.cl\/portal\/wp-content\/uploads\/2016\/08\/Ferna\u0301ndez.jpeg\" alt=\"Foto: Claudio C\u00e1ceres\" width=\"1000\" height=\"667\" srcset=\"https:\/\/www.rincondelbulla.cl\/portal\/wp-content\/uploads\/2016\/08\/Ferna\u0301ndez.jpeg 1000w, https:\/\/www.rincondelbulla.cl\/portal\/wp-content\/uploads\/2016\/08\/Ferna\u0301ndez-300x200.jpeg 300w, https:\/\/www.rincondelbulla.cl\/portal\/wp-content\/uploads\/2016\/08\/Ferna\u0301ndez-768x512.jpeg 768w, https:\/\/www.rincondelbulla.cl\/portal\/wp-content\/uploads\/2016\/08\/Ferna\u0301ndez-696x464.jpeg 696w, https:\/\/www.rincondelbulla.cl\/portal\/wp-content\/uploads\/2016\/08\/Ferna\u0301ndez-630x420.jpeg 630w\" sizes=\"auto, (max-width: 1000px) 100vw, 1000px\" \/><figcaption id=\"caption-attachment-10237\" class=\"wp-caption-text\">Foto: Claudio C\u00e1ceres<\/figcaption><\/figure>\n<p><strong>El delantero argentino tamb\u00e9n se refiri\u00f3 a la pol\u00e9mica desatada tras el almuerzo de camarader\u00eda que parte del platen tuvo con el ex entrenador azul, Sebasti\u00e1n Beccacece.<\/strong><!--more--><\/p>\n<p>En la U s\u00f3lo piensan en terminar de la mejor manera este semestre y para eso necesitan ganar todos los partidos que vienen para asegurar un cupo en la Copa Sudamericana del pr\u00f3ximo a\u00f1o.<\/p>\n<p>En ese contexto y asumiendo que no ha tenido una excelente campa\u00f1a, el ex Estudiantes de La Plata asegur\u00f3 que est\u00e1 muy contento en la U y que esperar terminar su contrato, \u00ab<strong>Me gustar\u00eda seguir porque tengo un contrato de dos a\u00f1os<\/strong>\u00ab.<\/p>\n<p><strong>La Gata no est\u00e1 conforme con su desempe\u00f1o<\/strong>: Yo estoy contento ac\u00e1, no estoy conforme no he podido disfrutar como me gusta por el hecho de no conseguir los resultados, porque personalmente creo que no he podido responder a lo que puedo llegar a dar estando en mi mejor nivel, as\u00ed que ojal\u00e1 lo pueda revertir.<\/p>\n<p><strong>Se siente con la confianza de VH Y Luis Musrri<\/strong>: Juego todos los partidos as\u00ed que alg\u00fan convencimiento debe tener para darme la posibilidad. No creo que sea porque soy rubio o porque tengo la 10 en la espalda.<\/p>\n<p><strong>La pol\u00e9mica del almuerzo con Beccacece<\/strong>: Es imposible que le moleste algo as\u00ed porque es algo normal una comida de amigos y fue solamente porque fue Becccacece que es noticia. Esto pasa en el f\u00fatbol.<\/p>\n<p><iframe loading=\"lazy\" style=\"border: none; overflow: hidden;\" src=\"https:\/\/www.facebook.com\/plugins\/video.php?href=https%3A%2F%2Fwww.facebook.com%2Fclubuniversidaddechileoficial%2Fvideos%2F1528741540474247%2F&amp;show_text=0&amp;width=400\" width=\"400\" height=\"400\" frameborder=\"0\" scrolling=\"no\" allowfullscreen=\"allowfullscreen\"><\/iframe><\/p>\n","protected":false},"excerpt":{"rendered":"<p>El delantero argentino tamb\u00e9n se refiri\u00f3 a la pol\u00e9mica desatada tras el almuerzo de camarader\u00eda que parte del platen tuvo con el ex entrenador azul, Sebasti\u00e1n Beccacece.<\/p>\n","protected":false},"author":56,"featured_media":10237,"comment_status":"closed","ping_status":"open","sticky":false,"template":"","format":"standard","meta":{"footnotes":""},"categories":[18],"tags":[454,890,782,157,156],"class_list":{"0":"post-10820","1":"post","2":"type-post","3":"status-publish","4":"format-standard","5":"has-post-thumbnail","7":"category-actualidad","8":"tag-actualidad","9":"tag-apertura-2016","10":"tag-gaston-fernandez","11":"tag-portada","12":"tag-universidad-de-chile"},"_links":{"self":[{"href":"https:\/\/www.rincondelbulla.cl\/portal\/wp-json\/wp\/v2\/posts\/10820","targetHints":{"allow":["GET"]}}],"collection":[{"href":"https:\/\/www.rincondelbulla.cl\/portal\/wp-json\/wp\/v2\/posts"}],"about":[{"href":"https:\/\/www.rincondelbulla.cl\/portal\/wp-json\/wp\/v2\/types\/post"}],"author":[{"embeddable":true,"href":"https:\/\/www.rincondelbulla.cl\/portal\/wp-json\/wp\/v2\/users\/56"}],"replies":[{"embeddable":true,"href":"https:\/\/www.rincondelbulla.cl\/portal\/wp-json\/wp\/v2\/comments?post=10820"}],"version-history":[{"count":2,"href":"https:\/\/www.rincondelbulla.cl\/portal\/wp-json\/wp\/v2\/posts\/10820\/revisions"}],"predecessor-version":[{"id":10822,"href":"https:\/\/www.rincondelbulla.cl\/portal\/wp-json\/wp\/v2\/posts\/10820\/revisions\/10822"}],"wp:featuredmedia":[{"embeddable":true,"href":"https:\/\/www.rincondelbulla.cl\/portal\/wp-json\/wp\/v2\/media\/10237"}],"wp:attachment":[{"href":"https:\/\/www.rincondelbulla.cl\/portal\/wp-json\/wp\/v2\/media?parent=10820"}],"wp:term":[{"taxonomy":"category","embeddable":true,"href":"https:\/\/www.rincondelbulla.cl\/portal\/wp-json\/wp\/v2\/categories?post=10820"},{"taxonomy":"post_tag","embeddable":true,"href":"https:\/\/www.rincondelbulla.cl\/portal\/wp-json\/wp\/v2\/tags?post=10820"}],"curies":[{"name":"wp","href":"https:\/\/api.w.org\/{rel}","templated":true}]}}