{"id":10823,"date":"2016-11-25T13:21:26","date_gmt":"2016-11-25T16:21:26","guid":{"rendered":"http:\/\/www.rincondelbulla.cl\/portal\/?p=10823"},"modified":"2016-11-25T13:21:26","modified_gmt":"2016-11-25T16:21:26","slug":"el-regreso-del-conejo","status":"publish","type":"post","link":"https:\/\/www.rincondelbulla.cl\/portal\/2016\/11\/25\/el-regreso-del-conejo\/","title":{"rendered":"El regreso del \u00abConejo\u00bb"},"content":{"rendered":"<figure id=\"attachment_5650\" aria-describedby=\"caption-attachment-5650\" style=\"width: 1100px\" class=\"wp-caption alignnone\"><img loading=\"lazy\" decoding=\"async\" class=\"size-full wp-image-5650\" src=\"http:\/\/www.rincondelbulla.cl\/portal\/wp-content\/uploads\/2014\/09\/ubilla3.jpg\" alt=\"Ubilla reaparecer\u00edan la pr\u00f3xima fecha - Foto:Patrico Gonz\u00e1lez\" width=\"1100\" height=\"700\" srcset=\"https:\/\/www.rincondelbulla.cl\/portal\/wp-content\/uploads\/2014\/09\/ubilla3.jpg 1100w, https:\/\/www.rincondelbulla.cl\/portal\/wp-content\/uploads\/2014\/09\/ubilla3-300x191.jpg 300w, https:\/\/www.rincondelbulla.cl\/portal\/wp-content\/uploads\/2014\/09\/ubilla3-768x489.jpg 768w, https:\/\/www.rincondelbulla.cl\/portal\/wp-content\/uploads\/2014\/09\/ubilla3-696x443.jpg 696w, https:\/\/www.rincondelbulla.cl\/portal\/wp-content\/uploads\/2014\/09\/ubilla3-1068x680.jpg 1068w, https:\/\/www.rincondelbulla.cl\/portal\/wp-content\/uploads\/2014\/09\/ubilla3-660x420.jpg 660w\" sizes=\"auto, (max-width: 1100px) 100vw, 1100px\" \/><figcaption id=\"caption-attachment-5650\" class=\"wp-caption-text\">Ubilla reaparecer\u00edan la pr\u00f3xima fecha &#8211; Foto:Patrico Gonz\u00e1lez<\/figcaption><\/figure>\n<p><strong>Por primera vez en el semestre Sebastian Ubilla es citado para el partido de este Domingo frente a Audax Italiano en el Estadio Nacional, el delantero sufri\u00f3 una fractura expuesta en abril del presente a\u00f1o en encuentro frente a Huachipato.<\/strong><!--more--><\/p>\n<p>Pero como no hay mal que dure cien a\u00f1os, Sebast\u00edan Ubilla podr\u00e1 ver acci\u00f3n este fin de semana, y as\u00ed analiza el presente del equipo: \u00abDesde afuera es muy complicado (&#8230;) lo que veo es un equipo muy fr\u00e1gil mentalmente, en una opini\u00f3n muy personal. De repente nos llegan, nos hacen un gol y el equipo se cae\u00bb declar\u00f3 a una radio.<\/p>\n<p><strong>La lesi\u00f3n y el regreso<\/strong> \u00abHa sido muy dif\u00edcil, complicado. Mi familia me ha tenido que aguantar harto, me ha cuidado al principio de la operaci\u00f3n, pero ya pas\u00f3. Ahora hay ganas de poder estar y ser un aporte\u00bb<\/p>\n<p><strong>El mal momento<\/strong> \u00abEs un momento bastante dif\u00edcil. Este club no se merece esto, sino estar peleando siempre los primeros lugares, los campeonatos, participar en copas internacionales. Lamentablemente no se nos ha dado y ha sido muy dif\u00edcil para nosotros. Ahora hay que tratar de terminar de la mejor manera y el pr\u00f3ximo semestre tratar de pelear el campeonato y clasificar a copas internacionales\u00bb<\/p>\n","protected":false},"excerpt":{"rendered":"<p>Por primera vez en el semestre Sebastian Ubilla es citado para el partido de este Domingo frente a Audax Italiano en el Estadio Nacional, el delantero sufri\u00f3 una fractura expuesta en abril del presente a\u00f1o en encuentro frente a Huachipato.<\/p>\n","protected":false},"author":21381,"featured_media":5650,"comment_status":"closed","ping_status":"open","sticky":false,"template":"","format":"standard","meta":{"footnotes":""},"categories":[18],"tags":[738,475,630,118,825],"class_list":{"0":"post-10823","1":"post","2":"type-post","3":"status-publish","4":"format-standard","5":"has-post-thumbnail","7":"category-actualidad","8":"tag-fuerzaubilla","9":"tag-audax-italiano","10":"tag-lesion","11":"tag-sebastian-ubilla","12":"tag-torneo-apertura-2016-2017"},"_links":{"self":[{"href":"https:\/\/www.rincondelbulla.cl\/portal\/wp-json\/wp\/v2\/posts\/10823","targetHints":{"allow":["GET"]}}],"collection":[{"href":"https:\/\/www.rincondelbulla.cl\/portal\/wp-json\/wp\/v2\/posts"}],"about":[{"href":"https:\/\/www.rincondelbulla.cl\/portal\/wp-json\/wp\/v2\/types\/post"}],"author":[{"embeddable":true,"href":"https:\/\/www.rincondelbulla.cl\/portal\/wp-json\/wp\/v2\/users\/21381"}],"replies":[{"embeddable":true,"href":"https:\/\/www.rincondelbulla.cl\/portal\/wp-json\/wp\/v2\/comments?post=10823"}],"version-history":[{"count":1,"href":"https:\/\/www.rincondelbulla.cl\/portal\/wp-json\/wp\/v2\/posts\/10823\/revisions"}],"predecessor-version":[{"id":10824,"href":"https:\/\/www.rincondelbulla.cl\/portal\/wp-json\/wp\/v2\/posts\/10823\/revisions\/10824"}],"wp:featuredmedia":[{"embeddable":true,"href":"https:\/\/www.rincondelbulla.cl\/portal\/wp-json\/wp\/v2\/media\/5650"}],"wp:attachment":[{"href":"https:\/\/www.rincondelbulla.cl\/portal\/wp-json\/wp\/v2\/media?parent=10823"}],"wp:term":[{"taxonomy":"category","embeddable":true,"href":"https:\/\/www.rincondelbulla.cl\/portal\/wp-json\/wp\/v2\/categories?post=10823"},{"taxonomy":"post_tag","embeddable":true,"href":"https:\/\/www.rincondelbulla.cl\/portal\/wp-json\/wp\/v2\/tags?post=10823"}],"curies":[{"name":"wp","href":"https:\/\/api.w.org\/{rel}","templated":true}]}}