{"id":10825,"date":"2016-11-25T16:45:49","date_gmt":"2016-11-25T19:45:49","guid":{"rendered":"http:\/\/www.rincondelbulla.cl\/portal\/?p=10825"},"modified":"2016-11-25T16:45:49","modified_gmt":"2016-11-25T19:45:49","slug":"luis-musrri-en-defensa-estamos-al-debe","status":"publish","type":"post","link":"https:\/\/www.rincondelbulla.cl\/portal\/2016\/11\/25\/luis-musrri-en-defensa-estamos-al-debe\/","title":{"rendered":"Luis Musrri: \u00aben defensa estamos al debe\u00bb"},"content":{"rendered":"<figure id=\"attachment_10671\" aria-describedby=\"caption-attachment-10671\" style=\"width: 470px\" class=\"wp-caption alignnone\"><img loading=\"lazy\" decoding=\"async\" class=\"size-full wp-image-10671\" src=\"http:\/\/www.rincondelbulla.cl\/portal\/wp-content\/uploads\/2016\/11\/A_UNO_711491.jpg\" alt=\"Foto: Agencia UNO\" width=\"470\" height=\"340\" srcset=\"https:\/\/www.rincondelbulla.cl\/portal\/wp-content\/uploads\/2016\/11\/A_UNO_711491.jpg 470w, https:\/\/www.rincondelbulla.cl\/portal\/wp-content\/uploads\/2016\/11\/A_UNO_711491-300x217.jpg 300w, https:\/\/www.rincondelbulla.cl\/portal\/wp-content\/uploads\/2016\/11\/A_UNO_711491-324x235.jpg 324w\" sizes=\"auto, (max-width: 470px) 100vw, 470px\" \/><figcaption id=\"caption-attachment-10671\" class=\"wp-caption-text\">Foto: Agencia UNO<\/figcaption><\/figure>\n<p><strong>En la previa al encuentro del Domingo frente a Audax Italiano, Luis Musrri se sento en la sala de conferencias del Centro Deportivo Azul, asegurando que \u201cUniversidad de Chile de seguir con el rendimiento actual merece una copa internacional\u201d.<\/strong><!--more--><\/p>\n<p>El t\u00e9cnico que en la planilla figura como ayudante t\u00e9cnico de V\u00edctor Hugo Casta\u00f1eda lleg\u00f3 a la sala de prensa en el CDA con buen semblante y respondi\u00f3 de todo en el d\u00eda de hoy:<\/p>\n<p><strong>Torneo Internacional<\/strong> \u00absi tenemos alguna posibilidad de clasificar es porque en los \u00faltimos partidos hemos jugado mejor. Si repetimos el nivel que tuvimos con Uni\u00f3n todo est\u00e1 mucho m\u00e1s cercano\u00bb<\/p>\n<p><strong>La defensa al debe<\/strong> \u00abEstar\u00edamos m\u00e1s preocupados si no tuvi\u00e9ramos opciones de gol. En los \u00faltimos partidos la U le hizo tres goles a Uni\u00f3n, dos a Everton, dos a Iquique. Es una capacidad ofensiva importante. Donde debemos hinchar m\u00e1s el diente es en las coordinaciones defensivas. Ah\u00ed estamos un poco al debe. Nos han hecho una cantidad importante de goles para lo que es la U\u00bb<\/p>\n<p><strong>La \u00faltima cena de Beccacece<\/strong> \u00abEs una cosa normal dentro de un grupo que se conoce hace tanto tiempo. A nosotros no nos caus\u00f3 nada. Lo conversamos incluso\u00bb<\/p>\n<p><strong>Zacar\u00eda<\/strong> \u201cEra impensado que no jugara Beausejour y ah\u00ed planteamos eso. El cambio result\u00f3 bien, tuvimos mucho desborde y por eso jugamos el partido que hicimos\u00bb<\/p>\n<p><strong>Audax Italiano<\/strong> \u00abConozco muy bien a su t\u00e9cnico (Hugo Vilches) desde los 10 a\u00f1os. Somos de la misma generaci\u00f3n de la U. Son de la U. Estoy seguro que si no jugaran con la U se tomar\u00edan el partido m\u00e1s tranquilo, pero es mas importante para ellos. No importa que tengan que jugar el mi\u00e9rcoles, el jugar contra la U motiva siempre\u00bb<\/p>\n","protected":false},"excerpt":{"rendered":"<p>En la previa al encuentro del Domingo frente a Audax Italiano, Luis Musrri se sento en la sala de conferencias del Centro Deportivo Azul, asegurando que \u201cUniversidad de Chile de seguir con el rendimiento actual merece una copa internacional\u201d.<\/p>\n","protected":false},"author":21381,"featured_media":10671,"comment_status":"closed","ping_status":"open","sticky":false,"template":"","format":"standard","meta":{"footnotes":""},"categories":[18],"tags":[475,209,557,400,825],"class_list":{"0":"post-10825","1":"post","2":"type-post","3":"status-publish","4":"format-standard","5":"has-post-thumbnail","7":"category-actualidad","8":"tag-audax-italiano","9":"tag-conferencia-de-prensa","10":"tag-conferencia-u-de-chile","11":"tag-luis-musrri","12":"tag-torneo-apertura-2016-2017"},"_links":{"self":[{"href":"https:\/\/www.rincondelbulla.cl\/portal\/wp-json\/wp\/v2\/posts\/10825","targetHints":{"allow":["GET"]}}],"collection":[{"href":"https:\/\/www.rincondelbulla.cl\/portal\/wp-json\/wp\/v2\/posts"}],"about":[{"href":"https:\/\/www.rincondelbulla.cl\/portal\/wp-json\/wp\/v2\/types\/post"}],"author":[{"embeddable":true,"href":"https:\/\/www.rincondelbulla.cl\/portal\/wp-json\/wp\/v2\/users\/21381"}],"replies":[{"embeddable":true,"href":"https:\/\/www.rincondelbulla.cl\/portal\/wp-json\/wp\/v2\/comments?post=10825"}],"version-history":[{"count":1,"href":"https:\/\/www.rincondelbulla.cl\/portal\/wp-json\/wp\/v2\/posts\/10825\/revisions"}],"predecessor-version":[{"id":10826,"href":"https:\/\/www.rincondelbulla.cl\/portal\/wp-json\/wp\/v2\/posts\/10825\/revisions\/10826"}],"wp:featuredmedia":[{"embeddable":true,"href":"https:\/\/www.rincondelbulla.cl\/portal\/wp-json\/wp\/v2\/media\/10671"}],"wp:attachment":[{"href":"https:\/\/www.rincondelbulla.cl\/portal\/wp-json\/wp\/v2\/media?parent=10825"}],"wp:term":[{"taxonomy":"category","embeddable":true,"href":"https:\/\/www.rincondelbulla.cl\/portal\/wp-json\/wp\/v2\/categories?post=10825"},{"taxonomy":"post_tag","embeddable":true,"href":"https:\/\/www.rincondelbulla.cl\/portal\/wp-json\/wp\/v2\/tags?post=10825"}],"curies":[{"name":"wp","href":"https:\/\/api.w.org\/{rel}","templated":true}]}}