{"id":10841,"date":"2016-11-29T18:39:13","date_gmt":"2016-11-29T21:39:13","guid":{"rendered":"http:\/\/www.rincondelbulla.cl\/portal\/?p=10841"},"modified":"2016-11-29T19:03:35","modified_gmt":"2016-11-29T22:03:35","slug":"fabian-monzon-y-la-tragedia-esto-afectara-al-futbol","status":"publish","type":"post","link":"https:\/\/www.rincondelbulla.cl\/portal\/2016\/11\/29\/fabian-monzon-y-la-tragedia-esto-afectara-al-futbol\/","title":{"rendered":"Fabi\u00e1n Monz\u00f3n y la tragedia \u00abEsto afectar\u00e1 al f\u00fatbol\u00bb"},"content":{"rendered":"<p><img loading=\"lazy\" decoding=\"async\" class=\"alignnone size-full wp-image-9621\" src=\"http:\/\/www.rincondelbulla.cl\/portal\/wp-content\/uploads\/2016\/04\/Fabi\u00e1n-Monz\u00f3n.jpg\" alt=\"Fabi\u00e1n Monz\u00f3n\" width=\"960\" height=\"595\" srcset=\"https:\/\/www.rincondelbulla.cl\/portal\/wp-content\/uploads\/2016\/04\/Fabi\u00e1n-Monz\u00f3n.jpg 960w, https:\/\/www.rincondelbulla.cl\/portal\/wp-content\/uploads\/2016\/04\/Fabi\u00e1n-Monz\u00f3n-300x186.jpg 300w, https:\/\/www.rincondelbulla.cl\/portal\/wp-content\/uploads\/2016\/04\/Fabi\u00e1n-Monz\u00f3n-768x476.jpg 768w, https:\/\/www.rincondelbulla.cl\/portal\/wp-content\/uploads\/2016\/04\/Fabi\u00e1n-Monz\u00f3n-356x220.jpg 356w, https:\/\/www.rincondelbulla.cl\/portal\/wp-content\/uploads\/2016\/04\/Fabi\u00e1n-Monz\u00f3n-696x431.jpg 696w, https:\/\/www.rincondelbulla.cl\/portal\/wp-content\/uploads\/2016\/04\/Fabi\u00e1n-Monz\u00f3n-678x420.jpg 678w\" sizes=\"auto, (max-width: 960px) 100vw, 960px\" \/><\/p>\n<p><strong>Fabi\u00e1n Monz\u00f3n comenz\u00f3 la conferencia de prensa refiri\u00e9ndose al accidente a\u00e9reo de Colombia, \u201ctuvimos un minuto de silencio, donde el cuerpo t\u00e9cnico habl\u00f3 y algunos jugadores reflexionaron sobre lo ocurrido. Esto afectar\u00e1 al f\u00fatbol y a cada familiar que tuvo una gran p\u00e9rdida. Debemos siempre apoyar a los dem\u00e1s, sean de donde sean\u00bb.<\/strong><!--more--><\/p>\n<p><strong><br \/>\nSu Nivel de Juego<\/strong> \u00abHoy me he sentido mejor. No fue f\u00e1cil superar las lesiones que tuve ac\u00e1, porque nunca me hab\u00eda pasado. Fueron tres veces consecutivas. Me siento bien, con m\u00e1s confianza y recuperado. Lamento que sea en los \u00faltimos partidos. Con Bose (Jean Beausejour) nos vamos entendiendo bien en la cancha\u00bb.<\/p>\n<p><strong>El Nivel Grupal<\/strong>\u00abHaciendo un resumen, nos ha costado dar vuelta los resultados. Ahora hemos empezado con un resultado en contra. Tenemos que hacernos fuertes en sostener un resultado. No darles situaciones a los rivales. Siempre tenemos que estar con los latidos a mil, porque no sabemos c\u00f3mo va a terminar el partido. Tenemos que mejorar eso\u00bb.<\/p>\n<p><strong>Beccacece<\/strong> \u00abDefensa y Justicia es un equipo bueno, que pelea de mitad de tabla para arriba. All\u00e1 todos hacen buenos partidos a los equipos grandes. Sebasti\u00e1n (Beccacece) est\u00e1 capacitado para dirigirlo. Ac\u00e1, los resultados no lo acompa\u00f1aron. Es un muy buen entrenador, le deseo lo mejor en Argentina\u00bb<\/p>\n","protected":false},"excerpt":{"rendered":"<p>Fabi\u00e1n Monz\u00f3n comenz\u00f3 la conferencia de prensa refiri\u00e9ndose al accidente a\u00e9reo de Colombia, \u201ctuvimos un minuto de silencio, donde el cuerpo t\u00e9cnico habl\u00f3 y algunos jugadores reflexionaron sobre lo ocurrido. Esto afectar\u00e1 al f\u00fatbol y a cada familiar que tuvo una gran p\u00e9rdida. Debemos siempre apoyar a los dem\u00e1s, sean de donde sean\u00bb.<\/p>\n","protected":false},"author":21381,"featured_media":9621,"comment_status":"closed","ping_status":"open","sticky":false,"template":"","format":"standard","meta":{"footnotes":""},"categories":[18],"tags":[209,555,825],"class_list":{"0":"post-10841","1":"post","2":"type-post","3":"status-publish","4":"format-standard","5":"has-post-thumbnail","7":"category-actualidad","8":"tag-conferencia-de-prensa","9":"tag-fabian-monzon","10":"tag-torneo-apertura-2016-2017"},"_links":{"self":[{"href":"https:\/\/www.rincondelbulla.cl\/portal\/wp-json\/wp\/v2\/posts\/10841","targetHints":{"allow":["GET"]}}],"collection":[{"href":"https:\/\/www.rincondelbulla.cl\/portal\/wp-json\/wp\/v2\/posts"}],"about":[{"href":"https:\/\/www.rincondelbulla.cl\/portal\/wp-json\/wp\/v2\/types\/post"}],"author":[{"embeddable":true,"href":"https:\/\/www.rincondelbulla.cl\/portal\/wp-json\/wp\/v2\/users\/21381"}],"replies":[{"embeddable":true,"href":"https:\/\/www.rincondelbulla.cl\/portal\/wp-json\/wp\/v2\/comments?post=10841"}],"version-history":[{"count":2,"href":"https:\/\/www.rincondelbulla.cl\/portal\/wp-json\/wp\/v2\/posts\/10841\/revisions"}],"predecessor-version":[{"id":10843,"href":"https:\/\/www.rincondelbulla.cl\/portal\/wp-json\/wp\/v2\/posts\/10841\/revisions\/10843"}],"wp:featuredmedia":[{"embeddable":true,"href":"https:\/\/www.rincondelbulla.cl\/portal\/wp-json\/wp\/v2\/media\/9621"}],"wp:attachment":[{"href":"https:\/\/www.rincondelbulla.cl\/portal\/wp-json\/wp\/v2\/media?parent=10841"}],"wp:term":[{"taxonomy":"category","embeddable":true,"href":"https:\/\/www.rincondelbulla.cl\/portal\/wp-json\/wp\/v2\/categories?post=10841"},{"taxonomy":"post_tag","embeddable":true,"href":"https:\/\/www.rincondelbulla.cl\/portal\/wp-json\/wp\/v2\/tags?post=10841"}],"curies":[{"name":"wp","href":"https:\/\/api.w.org\/{rel}","templated":true}]}}