{"id":10896,"date":"2016-12-07T15:12:22","date_gmt":"2016-12-07T18:12:22","guid":{"rendered":"http:\/\/www.rincondelbulla.cl\/portal\/?p=10896"},"modified":"2016-12-07T15:12:22","modified_gmt":"2016-12-07T18:12:22","slug":"castaneda-sobre-guede-me-parece-poco-serio","status":"publish","type":"post","link":"https:\/\/www.rincondelbulla.cl\/portal\/2016\/12\/07\/castaneda-sobre-guede-me-parece-poco-serio\/","title":{"rendered":"Casta\u00f1eda sobre Guede: \u00abMe parece poco serio\u00bb"},"content":{"rendered":"<p><img loading=\"lazy\" decoding=\"async\" class=\"alignnone size-full wp-image-10479\" src=\"http:\/\/www.rincondelbulla.cl\/portal\/wp-content\/uploads\/2016\/10\/V\u00edctor-Hugo-Casta\u00f1eda.jpg\" alt=\"victor-hugo-castaneda\" width=\"2048\" height=\"1365\" srcset=\"https:\/\/www.rincondelbulla.cl\/portal\/wp-content\/uploads\/2016\/10\/V\u00edctor-Hugo-Casta\u00f1eda.jpg 2048w, https:\/\/www.rincondelbulla.cl\/portal\/wp-content\/uploads\/2016\/10\/V\u00edctor-Hugo-Casta\u00f1eda-300x200.jpg 300w, https:\/\/www.rincondelbulla.cl\/portal\/wp-content\/uploads\/2016\/10\/V\u00edctor-Hugo-Casta\u00f1eda-768x512.jpg 768w, https:\/\/www.rincondelbulla.cl\/portal\/wp-content\/uploads\/2016\/10\/V\u00edctor-Hugo-Casta\u00f1eda-1200x800.jpg 1200w, https:\/\/www.rincondelbulla.cl\/portal\/wp-content\/uploads\/2016\/10\/V\u00edctor-Hugo-Casta\u00f1eda-696x464.jpg 696w, https:\/\/www.rincondelbulla.cl\/portal\/wp-content\/uploads\/2016\/10\/V\u00edctor-Hugo-Casta\u00f1eda-1068x712.jpg 1068w, https:\/\/www.rincondelbulla.cl\/portal\/wp-content\/uploads\/2016\/10\/V\u00edctor-Hugo-Casta\u00f1eda-630x420.jpg 630w\" sizes=\"auto, (max-width: 2048px) 100vw, 2048px\" \/><\/p>\n<p><b>V\u00edctor<\/b><strong>\u00a0Hugo Casta\u00f1eda se muestra molesto por la actitud de Guede, asegurando que \u201cCada uno es responsable de sus actos, pero me parece poco serio\u201d en relaci\u00f3n a la decisi\u00f3n del t\u00e9cnico de Colo Colo al alinear a al menos 7 juveniles en el trascendental duelo frente a Palestino.<\/strong><!--more--><\/p>\n<p>El torneo llega a su fin este fin de semana, y Universidad de Chile y su cuerpo t\u00e9cnico est\u00e1n luchando por entrar a un torneo internacional, es por eso la molestia que muestra Casta\u00f1eda cuando le preguntan por Pablo Guede, y es que Palestino es uno de los rivales por un cupo en el arena internacional. \u201cNo me interesa lo que haga \u00e9l. Estoy de acuerdo con que se pierde seriedad, sea quien sea. Creo que se pierde seriedad. Habr\u00eda preferido otra cosa, pero cada uno es due\u00f1o de sus actos\u201d agrega.<\/p>\n<p><strong>Huachipato<\/strong> \u00abNosotros nos hemos jugado cosas importantes desde que llegamos ac\u00e1. Me interesa que el equipo tenga una identidad y que la gente se siente identificada con nosotros. La U tiene la obligaci\u00f3n de salir a ganar contra Huachipato\u00bb.<\/p>\n<p><strong>Lesionados<\/strong> \u00abSolo en los \u00faltimos tres partidos tuvimos casi la totalidad del plantel a nuestra disposici\u00f3n. Creo que fueron los mejores partidos que hicimos. Hubo competencia interna y se mostr\u00f3 en la cancha\u00bb<\/p>\n<p><strong>Ser t\u00e9cnico en la U<\/strong> \u00abDuermo poco, la conciencia no me da. Lleg\u00f3 muy cansado, pero a las 4 \u00f3 5 de la ma\u00f1ana estoy despierto y d\u00e1ndole vuelta mentalmente a los partidos jugados. Es un estr\u00e9s muy grande y me encanta est\u00e1 en el lugar donde estoy. \u00daltimamente ha estado m\u00e1s relajado. La verdad es que lo disfruto\u00bb<\/p>\n<p><strong>El respaldo del c\u00e1pitan<\/strong> \u00abSon palabras importantes, del \u00faltima gran \u00eddolo de la U. La decisi\u00f3n no pasa por eso. Debemos tener una capacidad de an\u00e1lisis m\u00e1s profunda que un resultado puntual, Yo ten\u00eda un profesor que dec\u00eda &#8216;hay triunfos que avalan ignorancia&#8217;. Nuestro trabajo va m\u00e1s all\u00e1 de los resultados\u00bb.<\/p>\n<p><strong>El respaldo del hincha<\/strong> \u00abLa gente de la U a nosotros nos tiene mucho respeto, cari\u00f1o y se siente identificada. Algunos nos han agradecido y nosotros somos los agradecidos por estar aqu\u00ed. No era f\u00e1cil estar ac\u00e1. Ahora nos sentimos bien con el trabajo que hemos hecho, aunque creo que podr\u00edamos haberlo hecho mejor\u00bb<\/p>\n","protected":false},"excerpt":{"rendered":"<p>V\u00edctor\u00a0Hugo Casta\u00f1eda se muestra molesto por la actitud de Guede, asegurando que \u201cCada uno es responsable de sus actos, pero me parece poco serio\u201d en relaci\u00f3n a la decisi\u00f3n del t\u00e9cnico de Colo Colo al alinear a al menos 7 juveniles en el trascendental duelo frente a Palestino.<\/p>\n","protected":false},"author":21381,"featured_media":10479,"comment_status":"closed","ping_status":"open","sticky":false,"template":"","format":"standard","meta":{"footnotes":""},"categories":[18],"tags":[209,367,825,902],"class_list":{"0":"post-10896","1":"post","2":"type-post","3":"status-publish","4":"format-standard","5":"has-post-thumbnail","7":"category-actualidad","8":"tag-conferencia-de-prensa","9":"tag-huachipato","10":"tag-torneo-apertura-2016-2017","11":"tag-victor-hugo-castaneda"},"_links":{"self":[{"href":"https:\/\/www.rincondelbulla.cl\/portal\/wp-json\/wp\/v2\/posts\/10896","targetHints":{"allow":["GET"]}}],"collection":[{"href":"https:\/\/www.rincondelbulla.cl\/portal\/wp-json\/wp\/v2\/posts"}],"about":[{"href":"https:\/\/www.rincondelbulla.cl\/portal\/wp-json\/wp\/v2\/types\/post"}],"author":[{"embeddable":true,"href":"https:\/\/www.rincondelbulla.cl\/portal\/wp-json\/wp\/v2\/users\/21381"}],"replies":[{"embeddable":true,"href":"https:\/\/www.rincondelbulla.cl\/portal\/wp-json\/wp\/v2\/comments?post=10896"}],"version-history":[{"count":1,"href":"https:\/\/www.rincondelbulla.cl\/portal\/wp-json\/wp\/v2\/posts\/10896\/revisions"}],"predecessor-version":[{"id":10897,"href":"https:\/\/www.rincondelbulla.cl\/portal\/wp-json\/wp\/v2\/posts\/10896\/revisions\/10897"}],"wp:featuredmedia":[{"embeddable":true,"href":"https:\/\/www.rincondelbulla.cl\/portal\/wp-json\/wp\/v2\/media\/10479"}],"wp:attachment":[{"href":"https:\/\/www.rincondelbulla.cl\/portal\/wp-json\/wp\/v2\/media?parent=10896"}],"wp:term":[{"taxonomy":"category","embeddable":true,"href":"https:\/\/www.rincondelbulla.cl\/portal\/wp-json\/wp\/v2\/categories?post=10896"},{"taxonomy":"post_tag","embeddable":true,"href":"https:\/\/www.rincondelbulla.cl\/portal\/wp-json\/wp\/v2\/tags?post=10896"}],"curies":[{"name":"wp","href":"https:\/\/api.w.org\/{rel}","templated":true}]}}