{"id":10910,"date":"2016-12-09T22:52:34","date_gmt":"2016-12-10T01:52:34","guid":{"rendered":"http:\/\/www.rincondelbulla.cl\/portal\/?p=10910"},"modified":"2016-12-09T23:20:25","modified_gmt":"2016-12-10T02:20:25","slug":"la-u-empata-con-huachipato-y-ahora-depende-del-archirival-para-ir-a-la-sudamericana-2017","status":"publish","type":"post","link":"https:\/\/www.rincondelbulla.cl\/portal\/2016\/12\/09\/la-u-empata-con-huachipato-y-ahora-depende-del-archirival-para-ir-a-la-sudamericana-2017\/","title":{"rendered":"La U empata con Huachipato y ahora depende del archirival para ir a la Sudamericana 2017"},"content":{"rendered":"<p>&nbsp;<\/p>\n<figure id=\"attachment_10911\" aria-describedby=\"caption-attachment-10911\" style=\"width: 900px\" class=\"wp-caption aligncenter\"><img loading=\"lazy\" decoding=\"async\" class=\"size-full wp-image-10911\" src=\"http:\/\/www.rincondelbulla.cl\/portal\/wp-content\/uploads\/2016\/12\/Pos-empate.jpg\" alt=\"Foto: Photospor\" width=\"900\" height=\"600\" srcset=\"https:\/\/www.rincondelbulla.cl\/portal\/wp-content\/uploads\/2016\/12\/Pos-empate.jpg 900w, https:\/\/www.rincondelbulla.cl\/portal\/wp-content\/uploads\/2016\/12\/Pos-empate-300x200.jpg 300w, https:\/\/www.rincondelbulla.cl\/portal\/wp-content\/uploads\/2016\/12\/Pos-empate-768x512.jpg 768w, https:\/\/www.rincondelbulla.cl\/portal\/wp-content\/uploads\/2016\/12\/Pos-empate-696x464.jpg 696w, https:\/\/www.rincondelbulla.cl\/portal\/wp-content\/uploads\/2016\/12\/Pos-empate-630x420.jpg 630w\" sizes=\"auto, (max-width: 900px) 100vw, 900px\" \/><figcaption id=\"caption-attachment-10911\" class=\"wp-caption-text\">Foto: Photospor<\/figcaption><\/figure>\n<p><strong>Era un partido que la U deb\u00eda ganar si o si, pero como ha sido la t\u00f3nica de todo este a\u00f1o, el equipo no estuvo a la altura y s\u00f3lo consigui\u00f3 un empate que de nada sirve.<\/strong><\/p>\n<p>El Rom\u00e1ntico Viajero cerr\u00f3 el a\u00f1o con un amargo empate 2-2 en el Estadio Nacional frente a Huachipato y de pasada hipotec\u00f3 sus opciones de clasificar a la Copa Sudamericana, la cual depende ahora de su archirival.<\/p>\n<p>Los azules comenzaron perdiendo tras un gol de Sagal que dej\u00f3 en el camino a Jara y Vilches para batir a Herrera con un impecable remate, pero los azules empataron prontamente con un gol de Gast\u00f3n Fern\u00e1ndez, quien de pasada confirm\u00f3 que es el m\u00e1ximo anotador de los azules este a\u00f1o.<\/p>\n<p>En la segunda mitad la U logr\u00f3 anotar tempranamente el gol que le permit\u00eda ganar un cupo a la Sudamericana gracias a Mat\u00edas Rodr\u00edguez, pero nuevamente las falencias defensivas hundieron a la U y los acereros empataron al minuto con gol de Molini.<\/p>\n<p>Ahora los azules dependen de Colo Colo para clasificar a la Sudamericana, ya que si los de Macul logran quedarse con el t\u00edtulo de Copa Chile, la U clasificar\u00eda automaticamente al torneo continental del pr\u00f3ximo a\u00f1o.<\/p>\n<p>Quien tampoco tiene su futuro asegurado es Casta\u00f1eda y el cuerpo t\u00e9cnico, que con este empate ven disminuidas sus posibilidades de continuar al mando de los azules.<\/p>\n<p>Pese al mal momento de la U, una buena noticia cerr\u00f3 el semestre en los azules y es que en complemeto del partido hizo ingreso al terreno de juego Sebasti\u00e1n Ubilla, quien estuvo alejado de las canchas por un largo tiempo debido a una terrible lesi\u00f3n sufrida el a\u00f1o pasado.<\/p>\n","protected":false},"excerpt":{"rendered":"<p>&nbsp; Era un partido que la U deb\u00eda ganar si o si, pero como ha sido la t\u00f3nica de todo este a\u00f1o, el equipo no estuvo a la altura y s\u00f3lo consigui\u00f3 un empate que de nada sirve. El Rom\u00e1ntico Viajero cerr\u00f3 el a\u00f1o con un amargo empate 2-2 en el Estadio Nacional frente a [&#8230;]<\/p>\n","protected":false},"author":56,"featured_media":10911,"comment_status":"closed","ping_status":"open","sticky":false,"template":"","format":"standard","meta":{"footnotes":""},"categories":[18],"tags":[991,890,102,156],"class_list":{"0":"post-10910","1":"post","2":"type-post","3":"status-publish","4":"format-standard","5":"has-post-thumbnail","7":"category-actualidad","8":"tag-actualida","9":"tag-apertura-2016","10":"tag-los-de-abajo","11":"tag-universidad-de-chile"},"_links":{"self":[{"href":"https:\/\/www.rincondelbulla.cl\/portal\/wp-json\/wp\/v2\/posts\/10910","targetHints":{"allow":["GET"]}}],"collection":[{"href":"https:\/\/www.rincondelbulla.cl\/portal\/wp-json\/wp\/v2\/posts"}],"about":[{"href":"https:\/\/www.rincondelbulla.cl\/portal\/wp-json\/wp\/v2\/types\/post"}],"author":[{"embeddable":true,"href":"https:\/\/www.rincondelbulla.cl\/portal\/wp-json\/wp\/v2\/users\/56"}],"replies":[{"embeddable":true,"href":"https:\/\/www.rincondelbulla.cl\/portal\/wp-json\/wp\/v2\/comments?post=10910"}],"version-history":[{"count":2,"href":"https:\/\/www.rincondelbulla.cl\/portal\/wp-json\/wp\/v2\/posts\/10910\/revisions"}],"predecessor-version":[{"id":10913,"href":"https:\/\/www.rincondelbulla.cl\/portal\/wp-json\/wp\/v2\/posts\/10910\/revisions\/10913"}],"wp:featuredmedia":[{"embeddable":true,"href":"https:\/\/www.rincondelbulla.cl\/portal\/wp-json\/wp\/v2\/media\/10911"}],"wp:attachment":[{"href":"https:\/\/www.rincondelbulla.cl\/portal\/wp-json\/wp\/v2\/media?parent=10910"}],"wp:term":[{"taxonomy":"category","embeddable":true,"href":"https:\/\/www.rincondelbulla.cl\/portal\/wp-json\/wp\/v2\/categories?post=10910"},{"taxonomy":"post_tag","embeddable":true,"href":"https:\/\/www.rincondelbulla.cl\/portal\/wp-json\/wp\/v2\/tags?post=10910"}],"curies":[{"name":"wp","href":"https:\/\/api.w.org\/{rel}","templated":true}]}}