{"id":10948,"date":"2016-12-26T15:46:29","date_gmt":"2016-12-26T18:46:29","guid":{"rendered":"http:\/\/www.rincondelbulla.cl\/portal\/?p=10948"},"modified":"2016-12-26T15:46:29","modified_gmt":"2016-12-26T18:46:29","slug":"es-oficial-hoyos-es-el-nuevo-entrenador-de-la-u","status":"publish","type":"post","link":"https:\/\/www.rincondelbulla.cl\/portal\/2016\/12\/26\/es-oficial-hoyos-es-el-nuevo-entrenador-de-la-u\/","title":{"rendered":"Es oficial: Hoyos es el nuevo entrenador de la \u00abU\u00bb"},"content":{"rendered":"<p><img loading=\"lazy\" decoding=\"async\" class=\"alignnone size-full wp-image-10949\" src=\"http:\/\/www.rincondelbulla.cl\/portal\/wp-content\/uploads\/2016\/12\/Miguel-Angel-Hoyos-2.jpg\" alt=\"miguel-angel-hoyos-2\" width=\"980\" height=\"554\" srcset=\"https:\/\/www.rincondelbulla.cl\/portal\/wp-content\/uploads\/2016\/12\/Miguel-Angel-Hoyos-2.jpg 980w, https:\/\/www.rincondelbulla.cl\/portal\/wp-content\/uploads\/2016\/12\/Miguel-Angel-Hoyos-2-300x170.jpg 300w, https:\/\/www.rincondelbulla.cl\/portal\/wp-content\/uploads\/2016\/12\/Miguel-Angel-Hoyos-2-768x434.jpg 768w, https:\/\/www.rincondelbulla.cl\/portal\/wp-content\/uploads\/2016\/12\/Miguel-Angel-Hoyos-2-696x393.jpg 696w, https:\/\/www.rincondelbulla.cl\/portal\/wp-content\/uploads\/2016\/12\/Miguel-Angel-Hoyos-2-743x420.jpg 743w\" sizes=\"auto, (max-width: 980px) 100vw, 980px\" \/><\/p>\n<p><strong>Mediante un comunicado de prensa, el club dio a conocer la noticia que rondaba hace d\u00edas en los medios chilenos y bolivianos.<\/strong><!--more--><\/p>\n<p>Este lunes Universidad de Chile hizo oficial la decisi\u00f3n de la dirigencia de contratar a \u00c1ngel Guillermo Hoyos como el nuevo entrenador azul.<\/p>\n<p>El club deseo la mejor de las suertes al nuevo adiestrador e inform\u00f3 que pr\u00f3ximamente dar\u00e1 a conocer la fecha de su presentaci\u00f3n.<\/p>\n<p>&nbsp;<\/p>\n","protected":false},"excerpt":{"rendered":"<p>Mediante un comunicado de prensa, el club dio a conocer la noticia que rondaba hace d\u00edas en los medios chilenos y bolivianos.<\/p>\n","protected":false},"author":21382,"featured_media":10950,"comment_status":"closed","ping_status":"open","sticky":false,"template":"","format":"standard","meta":{"footnotes":""},"categories":[18],"tags":[454,999,157,294,156],"class_list":{"0":"post-10948","1":"post","2":"type-post","3":"status-publish","4":"format-standard","5":"has-post-thumbnail","7":"category-actualidad","8":"tag-actualidad","9":"tag-angel-guillermo-hoyos","10":"tag-portada","11":"tag-u-de-chile","12":"tag-universidad-de-chile"},"_links":{"self":[{"href":"https:\/\/www.rincondelbulla.cl\/portal\/wp-json\/wp\/v2\/posts\/10948","targetHints":{"allow":["GET"]}}],"collection":[{"href":"https:\/\/www.rincondelbulla.cl\/portal\/wp-json\/wp\/v2\/posts"}],"about":[{"href":"https:\/\/www.rincondelbulla.cl\/portal\/wp-json\/wp\/v2\/types\/post"}],"author":[{"embeddable":true,"href":"https:\/\/www.rincondelbulla.cl\/portal\/wp-json\/wp\/v2\/users\/21382"}],"replies":[{"embeddable":true,"href":"https:\/\/www.rincondelbulla.cl\/portal\/wp-json\/wp\/v2\/comments?post=10948"}],"version-history":[{"count":1,"href":"https:\/\/www.rincondelbulla.cl\/portal\/wp-json\/wp\/v2\/posts\/10948\/revisions"}],"predecessor-version":[{"id":10951,"href":"https:\/\/www.rincondelbulla.cl\/portal\/wp-json\/wp\/v2\/posts\/10948\/revisions\/10951"}],"wp:featuredmedia":[{"embeddable":true,"href":"https:\/\/www.rincondelbulla.cl\/portal\/wp-json\/wp\/v2\/media\/10950"}],"wp:attachment":[{"href":"https:\/\/www.rincondelbulla.cl\/portal\/wp-json\/wp\/v2\/media?parent=10948"}],"wp:term":[{"taxonomy":"category","embeddable":true,"href":"https:\/\/www.rincondelbulla.cl\/portal\/wp-json\/wp\/v2\/categories?post=10948"},{"taxonomy":"post_tag","embeddable":true,"href":"https:\/\/www.rincondelbulla.cl\/portal\/wp-json\/wp\/v2\/tags?post=10948"}],"curies":[{"name":"wp","href":"https:\/\/api.w.org\/{rel}","templated":true}]}}