{"id":10976,"date":"2016-12-29T13:24:55","date_gmt":"2016-12-29T16:24:55","guid":{"rendered":"http:\/\/www.rincondelbulla.cl\/portal\/?p=10976"},"modified":"2016-12-29T13:33:59","modified_gmt":"2016-12-29T16:33:59","slug":"ya-es-oficial-guillermo-hoyos-es-el-nuevo-dt-azul","status":"publish","type":"post","link":"https:\/\/www.rincondelbulla.cl\/portal\/2016\/12\/29\/ya-es-oficial-guillermo-hoyos-es-el-nuevo-dt-azul\/","title":{"rendered":"Ya es oficial: Guillermo Hoyos es el nuevo DT azul"},"content":{"rendered":"<figure style=\"width: 960px\" class=\"wp-caption alignnone\"><img loading=\"lazy\" decoding=\"async\" src=\"https:\/\/z-1-scontent-eze1-1.xx.fbcdn.net\/v\/t1.0-9\/15741168_1374802082553144_6402515050588508512_n.jpg?oh=55c4101feaf973f83be330d0653203f3&amp;oe=58D878AF\" width=\"960\" height=\"640\" \/><figcaption class=\"wp-caption-text\">Un hombre de sentimiento y de fe, as\u00ed se defini\u00f3 Guillermo Hoyos. Foto: Claudio C\u00e1ceres.<\/figcaption><\/figure>\n<p><strong>Esta ma\u00f1ana en el CDA fue presentado el nuevo t\u00e9cnico azul. El trasandino dio su perspectiva de lo que se puede hacer con el equipo, sus anhelos y adem\u00e1s le baj\u00f3 el perfil a su salida como estratega de la Selecci\u00f3n Bolivia.<\/strong><\/p>\n<p><!--more--><\/p>\n<p>De impecable traje oscuro y peinado al medio con gel lleg\u00f3 esta ma\u00f1ana Guillermo Hoyos a su presentaci\u00f3n oficial como director t\u00e9cnico de Universidad de Chile.<\/p>\n<p>Lo primero que se\u00f1al\u00f3\u00a0el nuevo t\u00e9cnico fue que para <strong>\u00e9l haber llegado a la U, m\u00e1s que un desaf\u00edo es una bendici\u00f3n. <\/strong>Adem\u00e1s confes\u00f3 sentirse<strong> muy a gusto con las instalaciones y el club, y a la vez ilusionado por lo que se puede hacer.<\/strong><\/p>\n<p>Sobre lo que ser\u00e1 el primer entrenamiento bajo su mando, el trasandino remarc\u00f3 <strong>la importancia de entrar al camar\u00edn desde el lado m\u00e1s humano, para as\u00ed conocer a cada jugador como persona que es, para luego pasar a lo m\u00e1s profesional<\/strong>. En ese sentido reconoci\u00f3 que tanto \u00e9l como su cuerpo t\u00e9cnico tratan de abrir el di\u00e1logo siempre y mantenerse cerca de cada jugador.<\/p>\n<p>En cuanto a la misi\u00f3n de Hoyos entorno a levantar el club, el DT agreg\u00f3 que \u00ab<strong>lo primero que tenemos que hacer es conocer todo internamente y de ah\u00ed construir las cosas. Prefiero no hablar por hablar. Hoy soy prudente con mis respuestas\u00bb.<\/strong><\/p>\n<p><strong>\u00abEl club es inmenso, con una pasi\u00f3n desbordante, por lo que hay que tener la paciencia para lograr las cosas\u00bb<\/strong>, finaliz\u00f3.<\/p>\n<p>La salida de la Selecci\u00f3n boliviana gener\u00f3 bastante ruido en el pa\u00eds vecino, donde se lleg\u00f3 a tratar al ex estratega de \u00abtraidor\u00bb. Sobre esta pol\u00e9mica, el t\u00e9cnico azul explic\u00f3 que <strong>\u00aba Bolivia lo quiero. He vivido intensamente una relaci\u00f3n con jugadores. Cuando me voy tengo c\u00f3digos, no se\u00f1alo a nadie. El tiempo dir\u00e1 quien tiene la raz\u00f3n. Soy un agradecido de Bolivia. Cuando se dio lo de la U se le comunic\u00f3 a la persona oportuna. La traici\u00f3n no es una palabra en mi diccionario\u00bb<\/strong>, concluy\u00f3.<\/p>\n<p>Se espera que la Universidad de Chile empiece los trabajos en los primeros d\u00edas de enero.<\/p>\n<p>&nbsp;<\/p>\n","protected":false},"excerpt":{"rendered":"<p>Esta ma\u00f1ana en el CDA fue presentado el nuevo t\u00e9cnico azul. El trasandino dio su perspectiva de lo que se puede hacer con el equipo, sus anhelos y adem\u00e1s le baj\u00f3 el perfil a su salida como estratega de la Selecci\u00f3n Bolivia.<\/p>\n","protected":false},"author":21383,"featured_media":10980,"comment_status":"closed","ping_status":"open","sticky":false,"template":"","format":"standard","meta":{"footnotes":""},"categories":[18],"tags":[1000,996,157,508],"class_list":{"0":"post-10976","1":"post","2":"type-post","3":"status-publish","4":"format-standard","5":"has-post-thumbnail","7":"category-actualidad","8":"tag-dt","9":"tag-hoyos","10":"tag-portada","11":"tag-presentacion"},"_links":{"self":[{"href":"https:\/\/www.rincondelbulla.cl\/portal\/wp-json\/wp\/v2\/posts\/10976","targetHints":{"allow":["GET"]}}],"collection":[{"href":"https:\/\/www.rincondelbulla.cl\/portal\/wp-json\/wp\/v2\/posts"}],"about":[{"href":"https:\/\/www.rincondelbulla.cl\/portal\/wp-json\/wp\/v2\/types\/post"}],"author":[{"embeddable":true,"href":"https:\/\/www.rincondelbulla.cl\/portal\/wp-json\/wp\/v2\/users\/21383"}],"replies":[{"embeddable":true,"href":"https:\/\/www.rincondelbulla.cl\/portal\/wp-json\/wp\/v2\/comments?post=10976"}],"version-history":[{"count":6,"href":"https:\/\/www.rincondelbulla.cl\/portal\/wp-json\/wp\/v2\/posts\/10976\/revisions"}],"predecessor-version":[{"id":10985,"href":"https:\/\/www.rincondelbulla.cl\/portal\/wp-json\/wp\/v2\/posts\/10976\/revisions\/10985"}],"wp:featuredmedia":[{"embeddable":true,"href":"https:\/\/www.rincondelbulla.cl\/portal\/wp-json\/wp\/v2\/media\/10980"}],"wp:attachment":[{"href":"https:\/\/www.rincondelbulla.cl\/portal\/wp-json\/wp\/v2\/media?parent=10976"}],"wp:term":[{"taxonomy":"category","embeddable":true,"href":"https:\/\/www.rincondelbulla.cl\/portal\/wp-json\/wp\/v2\/categories?post=10976"},{"taxonomy":"post_tag","embeddable":true,"href":"https:\/\/www.rincondelbulla.cl\/portal\/wp-json\/wp\/v2\/tags?post=10976"}],"curies":[{"name":"wp","href":"https:\/\/api.w.org\/{rel}","templated":true}]}}