{"id":10991,"date":"2017-01-03T14:40:01","date_gmt":"2017-01-03T17:40:01","guid":{"rendered":"http:\/\/www.rincondelbulla.cl\/portal\/?p=10991"},"modified":"2017-01-03T20:03:33","modified_gmt":"2017-01-03T23:03:33","slug":"rodrigo-urena-deja-la-u-merecia-un-poco-mas-de-respeto","status":"publish","type":"post","link":"https:\/\/www.rincondelbulla.cl\/portal\/2017\/01\/03\/rodrigo-urena-deja-la-u-merecia-un-poco-mas-de-respeto\/","title":{"rendered":"Rodrigo Ure\u00f1a deja la U: \u00abMerec\u00eda un poco m\u00e1s de respeto\u00bb"},"content":{"rendered":"<figure style=\"width: 356px\" class=\"wp-caption alignnone\"><img loading=\"lazy\" decoding=\"async\" class=\"\" src=\"http:\/\/www.udechile.cl\/\/upload\/imagenes-pagina\/universidad-de-chile\/4361\/imagen-adjunta\/15\/1479153948.png\" alt=\"Foto: Udechile.cl\" width=\"356\" height=\"326\" \/><figcaption class=\"wp-caption-text\">Convenci\u00f3 en la pretemporada con Beccacece, pero nunca logr\u00f3 despegar ni demostrar el nivel que lo llev\u00f3 a ser campe\u00f3n con Cobresal. Foto: U.dechile.cl<\/figcaption><\/figure>\n<p><strong>Esta ma\u00f1ana se confirm\u00f3 la partida de Rodrigo Ure\u00f1a de la Universidad de Chile. El jugador se marcha tras un segundo paso por el cuadro azul sin mayor \u00e9xito.<\/strong><\/p>\n<p><!--more--><\/p>\n<p>En entrevista con La Tercera, el volante, Rodrigo Ure\u00f1a confirm\u00f3 su partida del cuadro azul asegurando que \u00ab<strong>me quisieron renovar pero no quise, porque estar en la U sin jugar no me convenc\u00eda. No me gustaba\u00bb<\/strong>.<\/p>\n<p>El ex Cobresal no logr\u00f3 despegar con Beccacece ni mucho menos convencer a Casta\u00f1eda, con quien confes\u00f3 haber tenido una nula relaci\u00f3n. \u00ab<strong>Jam\u00e1s convers\u00e9 con \u00e9l, ni con nadie de su cuerpo t\u00e9cnico. Nunca me preguntaron si me pasaba algo\u00bb, <\/strong>explic\u00f3.<\/p>\n<p>El jugador tambi\u00e9n tuvo palabras para los referentes del equipo, se\u00f1alando que tampoco se acercaron para conversar con \u00e9l. <strong>\u00abNo estoy dolido, pero siento que merec\u00eda un poco m\u00e1s de respeto en la U\u00bb,\u00a0<\/strong>se\u00f1al\u00f3.<\/p>\n<p>Pese a todo, el volante se va tranquilo: \u00ab<strong>Siempre d\u00ed lo mejor de m\u00ed\u00bb.<\/strong><\/p>\n","protected":false},"excerpt":{"rendered":"<p>Esta ma\u00f1ana se confirm\u00f3 la partida de Rodrigo Ure\u00f1a de la Universidad de Chile. El jugador se marcha tras un segundo paso por el cuadro azul sin mayor \u00e9xito.<\/p>\n","protected":false},"author":21383,"featured_media":10992,"comment_status":"closed","ping_status":"open","sticky":false,"template":"","format":"standard","meta":{"footnotes":""},"categories":[18],"tags":[157,1001],"class_list":{"0":"post-10991","1":"post","2":"type-post","3":"status-publish","4":"format-standard","5":"has-post-thumbnail","7":"category-actualidad","8":"tag-portada","9":"tag-urena"},"_links":{"self":[{"href":"https:\/\/www.rincondelbulla.cl\/portal\/wp-json\/wp\/v2\/posts\/10991","targetHints":{"allow":["GET"]}}],"collection":[{"href":"https:\/\/www.rincondelbulla.cl\/portal\/wp-json\/wp\/v2\/posts"}],"about":[{"href":"https:\/\/www.rincondelbulla.cl\/portal\/wp-json\/wp\/v2\/types\/post"}],"author":[{"embeddable":true,"href":"https:\/\/www.rincondelbulla.cl\/portal\/wp-json\/wp\/v2\/users\/21383"}],"replies":[{"embeddable":true,"href":"https:\/\/www.rincondelbulla.cl\/portal\/wp-json\/wp\/v2\/comments?post=10991"}],"version-history":[{"count":4,"href":"https:\/\/www.rincondelbulla.cl\/portal\/wp-json\/wp\/v2\/posts\/10991\/revisions"}],"predecessor-version":[{"id":10996,"href":"https:\/\/www.rincondelbulla.cl\/portal\/wp-json\/wp\/v2\/posts\/10991\/revisions\/10996"}],"wp:featuredmedia":[{"embeddable":true,"href":"https:\/\/www.rincondelbulla.cl\/portal\/wp-json\/wp\/v2\/media\/10992"}],"wp:attachment":[{"href":"https:\/\/www.rincondelbulla.cl\/portal\/wp-json\/wp\/v2\/media?parent=10991"}],"wp:term":[{"taxonomy":"category","embeddable":true,"href":"https:\/\/www.rincondelbulla.cl\/portal\/wp-json\/wp\/v2\/categories?post=10991"},{"taxonomy":"post_tag","embeddable":true,"href":"https:\/\/www.rincondelbulla.cl\/portal\/wp-json\/wp\/v2\/tags?post=10991"}],"curies":[{"name":"wp","href":"https:\/\/api.w.org\/{rel}","templated":true}]}}