{"id":10997,"date":"2017-01-03T21:48:07","date_gmt":"2017-01-04T00:48:07","guid":{"rendered":"http:\/\/www.rincondelbulla.cl\/portal\/?p=10997"},"modified":"2017-01-03T21:48:07","modified_gmt":"2017-01-04T00:48:07","slug":"la-u-2017-ya-tiene-fecha-de-debut-en-la-copa-de-verano-en-la-ciudad-de-la-serena","status":"publish","type":"post","link":"https:\/\/www.rincondelbulla.cl\/portal\/2017\/01\/03\/la-u-2017-ya-tiene-fecha-de-debut-en-la-copa-de-verano-en-la-ciudad-de-la-serena\/","title":{"rendered":"La U 2017 ya tiene fecha de debut en la Copa de Verano en la ciudad de La Serena"},"content":{"rendered":"<figure id=\"attachment_10882\" aria-describedby=\"caption-attachment-10882\" style=\"width: 2048px\" class=\"wp-caption aligncenter\"><img loading=\"lazy\" decoding=\"async\" class=\"size-full wp-image-10882\" src=\"http:\/\/www.rincondelbulla.cl\/portal\/wp-content\/uploads\/2016\/12\/IMG_8415.jpg\" alt=\"Foto: Patricio Gonz\u00e1lez.\" width=\"2048\" height=\"1365\" srcset=\"https:\/\/www.rincondelbulla.cl\/portal\/wp-content\/uploads\/2016\/12\/IMG_8415.jpg 2048w, https:\/\/www.rincondelbulla.cl\/portal\/wp-content\/uploads\/2016\/12\/IMG_8415-300x200.jpg 300w, https:\/\/www.rincondelbulla.cl\/portal\/wp-content\/uploads\/2016\/12\/IMG_8415-768x512.jpg 768w, https:\/\/www.rincondelbulla.cl\/portal\/wp-content\/uploads\/2016\/12\/IMG_8415-1200x800.jpg 1200w, https:\/\/www.rincondelbulla.cl\/portal\/wp-content\/uploads\/2016\/12\/IMG_8415-696x464.jpg 696w, https:\/\/www.rincondelbulla.cl\/portal\/wp-content\/uploads\/2016\/12\/IMG_8415-1068x712.jpg 1068w, https:\/\/www.rincondelbulla.cl\/portal\/wp-content\/uploads\/2016\/12\/IMG_8415-630x420.jpg 630w\" sizes=\"auto, (max-width: 2048px) 100vw, 2048px\" \/><figcaption id=\"caption-attachment-10882\" class=\"wp-caption-text\">Foto: Patricio Gonz\u00e1lez.<\/figcaption><\/figure>\n<p><strong>Universidad de Chile, la UC, Uni\u00f3n Espa\u00f1ola, Belgrano de Argentina y Deportes La Serena, animar\u00e1n este mini torneo que comenzar\u00e1 el pr\u00f3ximo 13 de enero.<\/strong><!--more--><\/p>\n<p>La U de Guillermo Hoyos tendr\u00e1 su primera puesta en marcha en la Regi\u00f3n de Coquimbo, cuando entre el 13 y 17 de enero se dispute la Copa ciudad de La Serena. El remosado Estadio La Portada acoger\u00e1 los duelos de este mini torneo de verano.<\/p>\n<p>Los azules debutar\u00e1n ante los locales el viernes 13 de enero ante Deportes La Serena, luego el domingo 15 de enero, los dirigidos de Hoyos enfrentar\u00e1n al ex equipo de Jos\u00e9 Rojas, Belgrano de Argentina.<\/p>\n<p>Viernes 13, 19:30 hrs <strong>&#8211;<\/strong> Deportes La Serena vs. Universidad de Chile<br \/>\nS\u00e1bado 14, 20:45 hrs <strong>&#8211;<\/strong> Universidad Cat\u00f3lica vs. Belgrano de C\u00f3rdoba<br \/>\nDomingo 15,\u00a019.30 hrs <strong>&#8211;<\/strong>\u00a0Universidad de Chile vs. Belgrano de C\u00f3rdoba<br \/>\nMartes 17,\u00a020:45 hrs <strong>&#8211;<\/strong> Deportes La Serena vs. Uni\u00f3n Espa\u00f1ola<\/p>\n","protected":false},"excerpt":{"rendered":"<p>Universidad de Chile, la UC, Uni\u00f3n Espa\u00f1ola, Belgrano de Argentina y Deportes La Serena, animar\u00e1n este mini torneo que comenzar\u00e1 el pr\u00f3ximo 13 de enero.<\/p>\n","protected":false},"author":56,"featured_media":10882,"comment_status":"closed","ping_status":"open","sticky":false,"template":"","format":"standard","meta":{"footnotes":""},"categories":[18],"tags":[454,157,156],"class_list":{"0":"post-10997","1":"post","2":"type-post","3":"status-publish","4":"format-standard","5":"has-post-thumbnail","7":"category-actualidad","8":"tag-actualidad","9":"tag-portada","10":"tag-universidad-de-chile"},"_links":{"self":[{"href":"https:\/\/www.rincondelbulla.cl\/portal\/wp-json\/wp\/v2\/posts\/10997","targetHints":{"allow":["GET"]}}],"collection":[{"href":"https:\/\/www.rincondelbulla.cl\/portal\/wp-json\/wp\/v2\/posts"}],"about":[{"href":"https:\/\/www.rincondelbulla.cl\/portal\/wp-json\/wp\/v2\/types\/post"}],"author":[{"embeddable":true,"href":"https:\/\/www.rincondelbulla.cl\/portal\/wp-json\/wp\/v2\/users\/56"}],"replies":[{"embeddable":true,"href":"https:\/\/www.rincondelbulla.cl\/portal\/wp-json\/wp\/v2\/comments?post=10997"}],"version-history":[{"count":1,"href":"https:\/\/www.rincondelbulla.cl\/portal\/wp-json\/wp\/v2\/posts\/10997\/revisions"}],"predecessor-version":[{"id":10998,"href":"https:\/\/www.rincondelbulla.cl\/portal\/wp-json\/wp\/v2\/posts\/10997\/revisions\/10998"}],"wp:featuredmedia":[{"embeddable":true,"href":"https:\/\/www.rincondelbulla.cl\/portal\/wp-json\/wp\/v2\/media\/10882"}],"wp:attachment":[{"href":"https:\/\/www.rincondelbulla.cl\/portal\/wp-json\/wp\/v2\/media?parent=10997"}],"wp:term":[{"taxonomy":"category","embeddable":true,"href":"https:\/\/www.rincondelbulla.cl\/portal\/wp-json\/wp\/v2\/categories?post=10997"},{"taxonomy":"post_tag","embeddable":true,"href":"https:\/\/www.rincondelbulla.cl\/portal\/wp-json\/wp\/v2\/tags?post=10997"}],"curies":[{"name":"wp","href":"https:\/\/api.w.org\/{rel}","templated":true}]}}