{"id":11185,"date":"2017-03-07T14:40:25","date_gmt":"2017-03-07T17:40:25","guid":{"rendered":"http:\/\/www.rincondelbulla.cl\/portal\/?p=11185"},"modified":"2017-03-07T14:40:25","modified_gmt":"2017-03-07T17:40:25","slug":"felipe-mora-creo-que-aun-estamos-a-tiempo-para-pelear-el-torneo","status":"publish","type":"post","link":"https:\/\/www.rincondelbulla.cl\/portal\/2017\/03\/07\/felipe-mora-creo-que-aun-estamos-a-tiempo-para-pelear-el-torneo\/","title":{"rendered":"Felipe Mora: \u00abCreo que a\u00fan estamos a tiempo para pelear el torneo\u00bb"},"content":{"rendered":"<figure id=\"attachment_11188\" aria-describedby=\"caption-attachment-11188\" style=\"width: 960px\" class=\"wp-caption aligncenter\"><img loading=\"lazy\" decoding=\"async\" class=\"size-full wp-image-11188\" src=\"http:\/\/www.rincondelbulla.cl\/portal\/wp-content\/uploads\/2017\/03\/16997765_10210973673511316_981821643335843812_n.jpg\" alt=\"Mora fue la figura del fin de semana y va por m\u00e1s. Foto: Patricio Gonz\u00e1lez.\" width=\"960\" height=\"640\" srcset=\"https:\/\/www.rincondelbulla.cl\/portal\/wp-content\/uploads\/2017\/03\/16997765_10210973673511316_981821643335843812_n.jpg 960w, https:\/\/www.rincondelbulla.cl\/portal\/wp-content\/uploads\/2017\/03\/16997765_10210973673511316_981821643335843812_n-300x200.jpg 300w, https:\/\/www.rincondelbulla.cl\/portal\/wp-content\/uploads\/2017\/03\/16997765_10210973673511316_981821643335843812_n-768x512.jpg 768w, https:\/\/www.rincondelbulla.cl\/portal\/wp-content\/uploads\/2017\/03\/16997765_10210973673511316_981821643335843812_n-696x464.jpg 696w, https:\/\/www.rincondelbulla.cl\/portal\/wp-content\/uploads\/2017\/03\/16997765_10210973673511316_981821643335843812_n-630x420.jpg 630w\" sizes=\"auto, (max-width: 960px) 100vw, 960px\" \/><figcaption id=\"caption-attachment-11188\" class=\"wp-caption-text\">Mora fue la figura del fin de semana marcando un doblete en el 3-1 con que la U venci\u00f3 a Palestino. Foto: Patricio Gonz\u00e1lez.<\/figcaption><\/figure>\n<p><strong>Esta tarde el goleador del fin de semana, Felipe Mora, fue el encargado de enfrentar a los medios en el CDA. El delantero coment\u00f3 lo que ser\u00e1 el duelo con su ex equipo el fin de semana, y la importancia de haber vuelto a la titularidad.<\/strong><\/p>\n<p><!--more--><\/p>\n<p><strong>El triunfo ante Palestino:\u00a0<\/strong>Ven\u00edamos de empates que no nos ven\u00edan sirviendo y por suerte logramos ganarle a Palestino para subir algo en la tabla.<strong><br \/>\n<\/strong><\/p>\n<p><strong>La titularidad<\/strong>: Me toc\u00f3 jugar la primera fecha y luego no, pero no baj\u00e9 los brazos y trabaje el doble para recuperar la titularidad. Tuve que reemplazar a un jugador como Gast\u00f3n que ven\u00eda haciendo las cosas bien. Creo que lo logr\u00e9.<\/p>\n<p><strong>Audax Italiano:\u00a0<\/strong>Es un rival dif\u00edcil, con una cancha que no estamos acostumbrados. Pero es\u00a0una cancha que conozco. Creo que siempre que se gana todos es m\u00e1s tranquilo y queremos seguir la senda del triunfo.<\/p>\n<p><strong>El torneo<\/strong>: Van pocas fechas, as\u00ed que creo que a\u00fan estamos a tiempo para pelear por el torneo y lo haremos hasta el final.<\/p>\n<p>&nbsp;<\/p>\n","protected":false},"excerpt":{"rendered":"<p>Esta tarde el goleador del fin de semana, Felipe Mora, fue el encargado de enfrentar a los medios en el CDA. El delantero coment\u00f3 lo que ser\u00e1 el duelo con su ex equipo el fin de semana, y la importancia de haber vuelto a la titularidad.<\/p>\n","protected":false},"author":21383,"featured_media":11189,"comment_status":"closed","ping_status":"open","sticky":false,"template":"","format":"standard","meta":{"footnotes":""},"categories":[18],"tags":[475,805,539,157],"class_list":{"0":"post-11185","1":"post","2":"type-post","3":"status-publish","4":"format-standard","5":"has-post-thumbnail","7":"category-actualidad","8":"tag-audax-italiano","9":"tag-conferencia","10":"tag-felipe-mora","11":"tag-portada"},"_links":{"self":[{"href":"https:\/\/www.rincondelbulla.cl\/portal\/wp-json\/wp\/v2\/posts\/11185","targetHints":{"allow":["GET"]}}],"collection":[{"href":"https:\/\/www.rincondelbulla.cl\/portal\/wp-json\/wp\/v2\/posts"}],"about":[{"href":"https:\/\/www.rincondelbulla.cl\/portal\/wp-json\/wp\/v2\/types\/post"}],"author":[{"embeddable":true,"href":"https:\/\/www.rincondelbulla.cl\/portal\/wp-json\/wp\/v2\/users\/21383"}],"replies":[{"embeddable":true,"href":"https:\/\/www.rincondelbulla.cl\/portal\/wp-json\/wp\/v2\/comments?post=11185"}],"version-history":[{"count":3,"href":"https:\/\/www.rincondelbulla.cl\/portal\/wp-json\/wp\/v2\/posts\/11185\/revisions"}],"predecessor-version":[{"id":11190,"href":"https:\/\/www.rincondelbulla.cl\/portal\/wp-json\/wp\/v2\/posts\/11185\/revisions\/11190"}],"wp:featuredmedia":[{"embeddable":true,"href":"https:\/\/www.rincondelbulla.cl\/portal\/wp-json\/wp\/v2\/media\/11189"}],"wp:attachment":[{"href":"https:\/\/www.rincondelbulla.cl\/portal\/wp-json\/wp\/v2\/media?parent=11185"}],"wp:term":[{"taxonomy":"category","embeddable":true,"href":"https:\/\/www.rincondelbulla.cl\/portal\/wp-json\/wp\/v2\/categories?post=11185"},{"taxonomy":"post_tag","embeddable":true,"href":"https:\/\/www.rincondelbulla.cl\/portal\/wp-json\/wp\/v2\/tags?post=11185"}],"curies":[{"name":"wp","href":"https:\/\/api.w.org\/{rel}","templated":true}]}}