{"id":11220,"date":"2017-03-14T12:04:30","date_gmt":"2017-03-14T15:04:30","guid":{"rendered":"http:\/\/www.rincondelbulla.cl\/portal\/?p=11220"},"modified":"2017-03-14T12:04:30","modified_gmt":"2017-03-14T15:04:30","slug":"el-toro-arriesga-sudamericana-y-el-superclasico","status":"publish","type":"post","link":"https:\/\/www.rincondelbulla.cl\/portal\/2017\/03\/14\/el-toro-arriesga-sudamericana-y-el-superclasico\/","title":{"rendered":"El \u201cToro\u201d arriesga Sudamericana y el Supercl\u00e1sico"},"content":{"rendered":"<p><img loading=\"lazy\" decoding=\"async\" class=\"alignnone wp-image-11221 size-full\" src=\"http:\/\/www.rincondelbulla.cl\/portal\/wp-content\/uploads\/2017\/03\/Leandro-Benegas.jpg\" width=\"960\" height=\"960\" srcset=\"https:\/\/www.rincondelbulla.cl\/portal\/wp-content\/uploads\/2017\/03\/Leandro-Benegas.jpg 960w, https:\/\/www.rincondelbulla.cl\/portal\/wp-content\/uploads\/2017\/03\/Leandro-Benegas-150x150.jpg 150w, https:\/\/www.rincondelbulla.cl\/portal\/wp-content\/uploads\/2017\/03\/Leandro-Benegas-300x300.jpg 300w, https:\/\/www.rincondelbulla.cl\/portal\/wp-content\/uploads\/2017\/03\/Leandro-Benegas-768x768.jpg 768w, https:\/\/www.rincondelbulla.cl\/portal\/wp-content\/uploads\/2017\/03\/Leandro-Benegas-696x696.jpg 696w, https:\/\/www.rincondelbulla.cl\/portal\/wp-content\/uploads\/2017\/03\/Leandro-Benegas-420x420.jpg 420w\" sizes=\"auto, (max-width: 960px) 100vw, 960px\" \/><\/p>\n<p><strong>El delantero debi\u00f3 ser reemplazado antes de finalizar el primer tiempo el domingo, en el triunfo de la \u201cU\u201d ante Audax Italiano.<\/strong><!--more--><\/p>\n<p>Los malos presagios que rondaron la cabeza de los hinchas en La Florida, tras la salida de Leandro Benegas, se hicieron realidad.<\/p>\n<p>Este martes, a trav\u00e9s de un comunicado El Club Universidad de Chile inform\u00f3 que el delantero sufri\u00f3 un <strong>desgarro fibriral del b\u00edceps crural derecho<\/strong>, lo que lo dejar\u00e1 fuera de los partidos frente a Uni\u00f3n Espa\u00f1ola este domingo 19 y Universidad de Concepci\u00f3n el 1 de abril. Y como la recuperaci\u00f3n se estima en al menos tres semanas, Benegas adem\u00e1s arriesga el debut de la Copa Conmebol Sudamericana ante Corinthians, en Brasil, y no jugar el Supercl\u00e1sico agendado por la ANFP para el 8 de abril.<\/p>\n<p>En el comunicado, el doctor Jos\u00e9 Matas, m\u00e9dico de Universidad de Chile, declara que Benegas <strong>\u201csufri\u00f3 una contractura de b\u00edceps crural en el primer tiempo del partido versus Audax. En la ecograf\u00eda se confirm\u00f3 un desgarro de 20 mil\u00edmetros fibriral del b\u00edceps crural derecho. Esperamos tenerlo recuperado en alrededor de tres semanas\u201d.<\/strong><\/p>\n<p>REVISA EL COMUNICADO DE PRENSA DEL CLUB\u00a0<a href=\"http:\/\/www.udechile.cl\/noticias\/primer-equipo\/2017\/03\/14\/situacion-medica-de-benegas\/\">AQU\u00cd<\/a><\/p>\n<p>www.rincondelbulla.cl, el sitio oficial del hincha bullanguero<\/p>\n","protected":false},"excerpt":{"rendered":"<p>El delantero debi\u00f3 ser reemplazado antes de finalizar el primer tiempo el domingo, en el triunfo de la \u201cU\u201d ante Audax Italiano.<\/p>\n","protected":false},"author":21382,"featured_media":11140,"comment_status":"closed","ping_status":"open","sticky":false,"template":"","format":"standard","meta":{"footnotes":""},"categories":[18],"tags":[454,385,475,1038,1045,1046,1044,1043,319,157,44,294,156,462],"class_list":{"0":"post-11220","1":"post","2":"type-post","3":"status-publish","4":"format-standard","5":"has-post-thumbnail","7":"category-actualidad","8":"tag-actualidad","9":"tag-anfp","10":"tag-audax-italiano","11":"tag-brasil","12":"tag-conmebol-sudamerica","13":"tag-copa","14":"tag-corinthians","15":"tag-jose-matas","16":"tag-leandro-benegas","17":"tag-portada","18":"tag-superclasico","19":"tag-u-de-chile","20":"tag-universidad-de-chile","21":"tag-universidad-de-concepcion"},"_links":{"self":[{"href":"https:\/\/www.rincondelbulla.cl\/portal\/wp-json\/wp\/v2\/posts\/11220","targetHints":{"allow":["GET"]}}],"collection":[{"href":"https:\/\/www.rincondelbulla.cl\/portal\/wp-json\/wp\/v2\/posts"}],"about":[{"href":"https:\/\/www.rincondelbulla.cl\/portal\/wp-json\/wp\/v2\/types\/post"}],"author":[{"embeddable":true,"href":"https:\/\/www.rincondelbulla.cl\/portal\/wp-json\/wp\/v2\/users\/21382"}],"replies":[{"embeddable":true,"href":"https:\/\/www.rincondelbulla.cl\/portal\/wp-json\/wp\/v2\/comments?post=11220"}],"version-history":[{"count":1,"href":"https:\/\/www.rincondelbulla.cl\/portal\/wp-json\/wp\/v2\/posts\/11220\/revisions"}],"predecessor-version":[{"id":11222,"href":"https:\/\/www.rincondelbulla.cl\/portal\/wp-json\/wp\/v2\/posts\/11220\/revisions\/11222"}],"wp:featuredmedia":[{"embeddable":true,"href":"https:\/\/www.rincondelbulla.cl\/portal\/wp-json\/wp\/v2\/media\/11140"}],"wp:attachment":[{"href":"https:\/\/www.rincondelbulla.cl\/portal\/wp-json\/wp\/v2\/media?parent=11220"}],"wp:term":[{"taxonomy":"category","embeddable":true,"href":"https:\/\/www.rincondelbulla.cl\/portal\/wp-json\/wp\/v2\/categories?post=11220"},{"taxonomy":"post_tag","embeddable":true,"href":"https:\/\/www.rincondelbulla.cl\/portal\/wp-json\/wp\/v2\/tags?post=11220"}],"curies":[{"name":"wp","href":"https:\/\/api.w.org\/{rel}","templated":true}]}}