{"id":11226,"date":"2017-03-19T13:25:11","date_gmt":"2017-03-19T16:25:11","guid":{"rendered":"http:\/\/www.rincondelbulla.cl\/portal\/?p=11226"},"modified":"2017-03-19T13:28:21","modified_gmt":"2017-03-19T16:28:21","slug":"la-previa-la-u-espera-seguir-en-alza-ante-union","status":"publish","type":"post","link":"https:\/\/www.rincondelbulla.cl\/portal\/2017\/03\/19\/la-previa-la-u-espera-seguir-en-alza-ante-union\/","title":{"rendered":"La Previa: La U espera seguir en alza ante Uni\u00f3n"},"content":{"rendered":"<figure id=\"attachment_11230\" aria-describedby=\"caption-attachment-11230\" style=\"width: 1100px\" class=\"wp-caption alignright\"><img loading=\"lazy\" decoding=\"async\" class=\"wp-image-11230 size-full\" src=\"http:\/\/www.rincondelbulla.cl\/portal\/wp-content\/uploads\/2017\/03\/VB4A88221.jpg\" alt=\"\" width=\"1100\" height=\"598\" srcset=\"https:\/\/www.rincondelbulla.cl\/portal\/wp-content\/uploads\/2017\/03\/VB4A88221.jpg 1100w, https:\/\/www.rincondelbulla.cl\/portal\/wp-content\/uploads\/2017\/03\/VB4A88221-300x163.jpg 300w, https:\/\/www.rincondelbulla.cl\/portal\/wp-content\/uploads\/2017\/03\/VB4A88221-768x418.jpg 768w, https:\/\/www.rincondelbulla.cl\/portal\/wp-content\/uploads\/2017\/03\/VB4A88221-696x378.jpg 696w, https:\/\/www.rincondelbulla.cl\/portal\/wp-content\/uploads\/2017\/03\/VB4A88221-1068x581.jpg 1068w, https:\/\/www.rincondelbulla.cl\/portal\/wp-content\/uploads\/2017\/03\/VB4A88221-773x420.jpg 773w\" sizes=\"auto, (max-width: 1100px) 100vw, 1100px\" \/><figcaption id=\"caption-attachment-11230\" class=\"wp-caption-text\">Foto: Patricio Gonz\u00e1lez<\/figcaption><\/figure>\n<p><strong>Hoy\u00a0a las 19:30 horas la Universidad de Chile recibir\u00e1 a Uni\u00f3n Espa\u00f1ola en el Nacional. Los azules quieren continuar con la senda del triunfo\u00a0buscando acercarse a la cima de la tabla.<\/strong><\/p>\n<p><!--more--><\/p>\n<p>Los azules saldr\u00e1n a la cancha \u00a0para enfrentar al siempre duro Uni\u00f3n Espa\u00f1ola. Los dirigidos por Hoyos llegan con un envi\u00f3n an\u00edmico importante, tras dos victorias seguidas y esperan seguir sumando de a tres.<\/p>\n<p>En su camino,\u00a0Uni\u00f3n Espa\u00f1ola, llega a este duelo como tercero en la tabla con 12 unidades, y una racha de cuatro partidos sin ver derrotas. Un duelo que sacar\u00e1 chispas en esta tarde de domingo.<\/p>\n<p>En el cuadro azul llegan con una baja sensible como lo es Leandro Benegas, quien sali\u00f3 lesionado en el partido con Audax y estar\u00e1 fuera al menos tres semanas. En su lugar se proyecta como opci\u00f3n Juan Leiva, quien reemplaz\u00f3 al Toro en el partido pasado.<\/p>\n<p>Considerando esto, la U formar\u00eda as\u00ed:<\/p>\n<p><strong>Johnny Herrera; Mat\u00edas Rodr\u00edguez, Christian Vilches, Gonzalo Jara, Jean Beausejour; Lorenzo Reyes, Gonzalo Espinoza, Gustavo Lorenzetti; Iv\u00e1n Rozas, Felipe Mora y Juan Leiva.<\/strong><\/p>\n<p>Cabe destacar que tambi\u00e9n podr\u00eda ser opci\u00f3n Sebasti\u00e1n Ubilla que viene ingresando en algunos partidos anteriores realizando un buen cometido.<\/p>\n<p>En\u00a0cuanto al duelo entre Azules e Hispanos, la \u00faltima vez que ambos\u00a0se enfrentaron, los azules\u00a0lograron dar vuelta un partido memorable venciendo por 3-2 en Santa Laura, luego de ir perdiendo 2-0 en el primer tiempo. La figura de ese partido fue Jonathan Zacaria, que anot\u00f3 dos goles.<\/p>\n<p>&nbsp;<\/p>\n","protected":false},"excerpt":{"rendered":"<p>Hoy\u00a0a las 19:30 horas la Universidad de Chile recibir\u00e1 a Uni\u00f3n Espa\u00f1ola en el Nacional. Los azules quieren continuar con la senda del triunfo\u00a0buscando acercarse a la cima de la tabla.<\/p>\n","protected":false},"author":21383,"featured_media":11230,"comment_status":"closed","ping_status":"open","sticky":false,"template":"","format":"standard","meta":{"footnotes":""},"categories":[18,20],"tags":[629,37,157,470],"class_list":{"0":"post-11226","1":"post","2":"type-post","3":"status-publish","4":"format-standard","5":"has-post-thumbnail","7":"category-actualidad","8":"category-avisos","9":"tag-vamoslau","10":"tag-la-previa","12":"tag-union-espanola"},"_links":{"self":[{"href":"https:\/\/www.rincondelbulla.cl\/portal\/wp-json\/wp\/v2\/posts\/11226","targetHints":{"allow":["GET"]}}],"collection":[{"href":"https:\/\/www.rincondelbulla.cl\/portal\/wp-json\/wp\/v2\/posts"}],"about":[{"href":"https:\/\/www.rincondelbulla.cl\/portal\/wp-json\/wp\/v2\/types\/post"}],"author":[{"embeddable":true,"href":"https:\/\/www.rincondelbulla.cl\/portal\/wp-json\/wp\/v2\/users\/21383"}],"replies":[{"embeddable":true,"href":"https:\/\/www.rincondelbulla.cl\/portal\/wp-json\/wp\/v2\/comments?post=11226"}],"version-history":[{"count":2,"href":"https:\/\/www.rincondelbulla.cl\/portal\/wp-json\/wp\/v2\/posts\/11226\/revisions"}],"predecessor-version":[{"id":11231,"href":"https:\/\/www.rincondelbulla.cl\/portal\/wp-json\/wp\/v2\/posts\/11226\/revisions\/11231"}],"wp:featuredmedia":[{"embeddable":true,"href":"https:\/\/www.rincondelbulla.cl\/portal\/wp-json\/wp\/v2\/media\/11230"}],"wp:attachment":[{"href":"https:\/\/www.rincondelbulla.cl\/portal\/wp-json\/wp\/v2\/media?parent=11226"}],"wp:term":[{"taxonomy":"category","embeddable":true,"href":"https:\/\/www.rincondelbulla.cl\/portal\/wp-json\/wp\/v2\/categories?post=11226"},{"taxonomy":"post_tag","embeddable":true,"href":"https:\/\/www.rincondelbulla.cl\/portal\/wp-json\/wp\/v2\/tags?post=11226"}],"curies":[{"name":"wp","href":"https:\/\/api.w.org\/{rel}","templated":true}]}}