{"id":11265,"date":"2017-03-22T09:22:48","date_gmt":"2017-03-22T12:22:48","guid":{"rendered":"http:\/\/www.rincondelbulla.cl\/portal\/?p=11265"},"modified":"2017-03-22T09:22:48","modified_gmt":"2017-03-22T12:22:48","slug":"jara-se-perdera-estrategicamente-partido-ante-universidad-de-concepcion","status":"publish","type":"post","link":"https:\/\/www.rincondelbulla.cl\/portal\/2017\/03\/22\/jara-se-perdera-estrategicamente-partido-ante-universidad-de-concepcion\/","title":{"rendered":"Jara se perder\u00e1 \u201cestrat\u00e9gicamente\u201d partido ante Universidad de Concepci\u00f3n"},"content":{"rendered":"<figure id=\"attachment_11107\" aria-describedby=\"caption-attachment-11107\" style=\"width: 900px\" class=\"wp-caption alignnone\"><img loading=\"lazy\" decoding=\"async\" class=\"size-full wp-image-11107\" src=\"http:\/\/www.rincondelbulla.cl\/portal\/wp-content\/uploads\/2017\/02\/Jara.jpg\" alt=\"\" width=\"900\" height=\"601\" srcset=\"https:\/\/www.rincondelbulla.cl\/portal\/wp-content\/uploads\/2017\/02\/Jara.jpg 900w, https:\/\/www.rincondelbulla.cl\/portal\/wp-content\/uploads\/2017\/02\/Jara-300x200.jpg 300w, https:\/\/www.rincondelbulla.cl\/portal\/wp-content\/uploads\/2017\/02\/Jara-768x513.jpg 768w, https:\/\/www.rincondelbulla.cl\/portal\/wp-content\/uploads\/2017\/02\/Jara-696x465.jpg 696w, https:\/\/www.rincondelbulla.cl\/portal\/wp-content\/uploads\/2017\/02\/Jara-629x420.jpg 629w\" sizes=\"auto, (max-width: 900px) 100vw, 900px\" \/><figcaption id=\"caption-attachment-11107\" class=\"wp-caption-text\">Foto: Photosport<\/figcaption><\/figure>\n<p><strong>El jugador, que fue mal expulsado ante Uni\u00f3n Espa\u00f1ola, cumplir\u00e1 una fecha de castigo ante los del Campanil.<\/strong><!--more--><\/p>\n<p>Este martes por la tarde, en dependencias de la ANFP, el Tribunal de Penalidades sesionaba para decidir sobre los castigos y requerimientos que dej\u00f3 la pasada fecha del Torneo de Clausura.<\/p>\n<p>Ah\u00ed estaba la posibilidad de apelar a la expulsi\u00f3n por doble amarilla que sufri\u00f3 Gonzalo Jara ante Uni\u00f3n Espa\u00f1ola, que posteriormente qued\u00f3 en evidencia habr\u00eda sido injusta, tr\u00e1mite que deb\u00eda cumplir la dirigencia. Sin embargo, nadie lleg\u00f3 hasta Quil\u00edn.<\/p>\n<p>\u00bfLa raz\u00f3n? Al interior de la concesionaria se habr\u00eda considerado que una eventual apelaci\u00f3n a la decisi\u00f3n del \u00e1rbitro Cristi\u00e1n Andaur podr\u00eda complicar el panorama de cara al Supercl\u00e1sico del 8 de abril. Esto porque si bien se pod\u00eda aplazar un eventual castigo para Jara, esto no aseguraba que el jugador no recibiera alguna penalizaci\u00f3n cuando el caso fuese revisado nuevamente la semana siguiente.<\/p>\n<p>Con esta medida, Universidad de Chile podr\u00eda contar con el jugador para enfrentar el partido ante el cl\u00e1sico rival, a jugarse en dos semanas m\u00e1s, a mediod\u00eda en el Estadio Nacional.<\/p>\n","protected":false},"excerpt":{"rendered":"<p>El jugador, que fue mal expulsado ante Uni\u00f3n Espa\u00f1ola, cumplir\u00e1 una fecha de castigo ante los del Campanil.<\/p>\n","protected":false},"author":21382,"featured_media":11107,"comment_status":"closed","ping_status":"open","sticky":false,"template":"","format":"standard","meta":{"footnotes":""},"categories":[18],"tags":[454,385,473,1051,424,531,157,44,875,294,470,156,462],"class_list":{"0":"post-11265","1":"post","2":"type-post","3":"status-publish","4":"format-standard","5":"has-post-thumbnail","7":"category-actualidad","8":"tag-actualidad","9":"tag-anfp","10":"tag-campanil","11":"tag-cristian-andaur","12":"tag-estadio-nacional","13":"tag-gonzalo-jara","14":"tag-portada","15":"tag-superclasico","16":"tag-tribunal-de-penalidades","18":"tag-union-espanola","19":"tag-universidad-de-chile","20":"tag-universidad-de-concepcion"},"_links":{"self":[{"href":"https:\/\/www.rincondelbulla.cl\/portal\/wp-json\/wp\/v2\/posts\/11265","targetHints":{"allow":["GET"]}}],"collection":[{"href":"https:\/\/www.rincondelbulla.cl\/portal\/wp-json\/wp\/v2\/posts"}],"about":[{"href":"https:\/\/www.rincondelbulla.cl\/portal\/wp-json\/wp\/v2\/types\/post"}],"author":[{"embeddable":true,"href":"https:\/\/www.rincondelbulla.cl\/portal\/wp-json\/wp\/v2\/users\/21382"}],"replies":[{"embeddable":true,"href":"https:\/\/www.rincondelbulla.cl\/portal\/wp-json\/wp\/v2\/comments?post=11265"}],"version-history":[{"count":1,"href":"https:\/\/www.rincondelbulla.cl\/portal\/wp-json\/wp\/v2\/posts\/11265\/revisions"}],"predecessor-version":[{"id":11266,"href":"https:\/\/www.rincondelbulla.cl\/portal\/wp-json\/wp\/v2\/posts\/11265\/revisions\/11266"}],"wp:featuredmedia":[{"embeddable":true,"href":"https:\/\/www.rincondelbulla.cl\/portal\/wp-json\/wp\/v2\/media\/11107"}],"wp:attachment":[{"href":"https:\/\/www.rincondelbulla.cl\/portal\/wp-json\/wp\/v2\/media?parent=11265"}],"wp:term":[{"taxonomy":"category","embeddable":true,"href":"https:\/\/www.rincondelbulla.cl\/portal\/wp-json\/wp\/v2\/categories?post=11265"},{"taxonomy":"post_tag","embeddable":true,"href":"https:\/\/www.rincondelbulla.cl\/portal\/wp-json\/wp\/v2\/tags?post=11265"}],"curies":[{"name":"wp","href":"https:\/\/api.w.org\/{rel}","templated":true}]}}