{"id":11308,"date":"2017-04-02T15:05:42","date_gmt":"2017-04-02T18:05:42","guid":{"rendered":"http:\/\/www.rincondelbulla.cl\/portal\/?p=11308"},"modified":"2017-04-02T15:05:42","modified_gmt":"2017-04-02T18:05:42","slug":"marca-personal-un-partido-marcado-por-la-expulsion-de-lorenzetti","status":"publish","type":"post","link":"https:\/\/www.rincondelbulla.cl\/portal\/2017\/04\/02\/marca-personal-un-partido-marcado-por-la-expulsion-de-lorenzetti\/","title":{"rendered":"Marca Personal: Un partido marcado por la expulsi\u00f3n de Lorenzetti"},"content":{"rendered":"<p><img loading=\"lazy\" decoding=\"async\" class=\"alignnone size-full wp-image-11309\" src=\"http:\/\/www.rincondelbulla.cl\/portal\/wp-content\/uploads\/2017\/04\/WhatsApp-Image-2017-04-01-at-14.00.17.jpeg\" alt=\"\" width=\"1086\" height=\"724\" srcset=\"https:\/\/www.rincondelbulla.cl\/portal\/wp-content\/uploads\/2017\/04\/WhatsApp-Image-2017-04-01-at-14.00.17.jpeg 1086w, https:\/\/www.rincondelbulla.cl\/portal\/wp-content\/uploads\/2017\/04\/WhatsApp-Image-2017-04-01-at-14.00.17-300x200.jpeg 300w, https:\/\/www.rincondelbulla.cl\/portal\/wp-content\/uploads\/2017\/04\/WhatsApp-Image-2017-04-01-at-14.00.17-768x512.jpeg 768w, https:\/\/www.rincondelbulla.cl\/portal\/wp-content\/uploads\/2017\/04\/WhatsApp-Image-2017-04-01-at-14.00.17-696x464.jpeg 696w, https:\/\/www.rincondelbulla.cl\/portal\/wp-content\/uploads\/2017\/04\/WhatsApp-Image-2017-04-01-at-14.00.17-1068x712.jpeg 1068w, https:\/\/www.rincondelbulla.cl\/portal\/wp-content\/uploads\/2017\/04\/WhatsApp-Image-2017-04-01-at-14.00.17-630x420.jpeg 630w\" sizes=\"auto, (max-width: 1086px) 100vw, 1086px\" \/><\/p>\n<p><strong>Fue un partido extra\u00f1o, donde a los 13 minutos el \u00e1rbitro se apresur\u00f3 y expuls\u00f3 a Lorenzetti, acaso el jugador m\u00e1s regular de la Universidad de Chile en los \u00faltimos 24 meses, sin duda podr\u00eda haber sido tarjeta roja si la falta hubiese sido cometida por otro jugador, pero el \u201cDuende\u201d es la primera vez que sale expulsado del terreno de juego. De ah\u00ed en m\u00e1s el rendimiento del equipo no se puede medir de la misma manera.<\/strong><!--more--><\/p>\n<p>Con un jugador menos en una cancha muy pesada el tramite se hizo cuesta arriba para el elenco de Hoyos, pese a eso dio batalla y no le regalo ninguna pelota al elenco del campanil. Con Mora como unica descarga hacer da\u00f1o se hac\u00eda muy d\u00edficil. En el segundo tiempo los del \u201cCampanil\u201d se fueron con todo en demanda del arco azul, pero Johnny Herrera apareci\u00f3 en gloria y majestad una semana antes del cl\u00e1sico, y mantuvo el arco en cero. Este es el Marca Personal del Rinc\u00f3n Del Bulla:<\/p>\n<p><strong>25.-Johnny Herrera:<\/strong> <strong>Rutilante el arquero azul, figura indiscutida del encuentro. Nota 6.5<\/strong><\/p>\n<p><strong>16.-Mat\u00edas Rodr\u00edguez:<\/strong> En momentos as\u00ed aparece la figura del argentino, que a pura pachorra logra llegar adelante. Nota 5.5<\/p>\n<p><strong>2.-Cristian Vilches:<\/strong> A ratos perd\u00eda la marca facil, pero gano en casi todos los mano a mano. Nota 4.5<\/p>\n<p><strong>4.-Alejandro Contreras:<\/strong> Jugo de stoper por la izquierda siendo zurdo, sin embargo rindi\u00f3 de buena manera. Nota 4.5<\/p>\n<p><strong>15.-Jean Beausejour:<\/strong> Trat\u00f3 de incomodar con sus desbordes pero le faltaba su complemento, sali\u00f3 lesionado a los 78\u2019. Nota 4,5<\/p>\n<p><strong>5.-Gonzalo Espinoza:<\/strong> Se le vio inc\u00f3modo con la expulsi\u00f3n de Lorenzetti. Nota 4.5<\/p>\n<p><strong>21.-Lorenzo Reyes:<\/strong> Sigue realizando muy buenos encuentros en medioterreno, recuperando limpio y saliendo r\u00e1pido para generar ataques.. Nota 6.5<\/p>\n<p><strong>22.-Gustavo Lorenzetti:<\/strong> Si bien la jugada podr\u00eda haber sido para roja, el jugador debe manejar ciertos criterios y evaluar intenciones. Nota 3.0<\/p>\n<p><strong>24.-Ivan Rozas:<\/strong> Le toc\u00f3 jugar de enganche y lo realiz\u00f3 de buena manera. Bien por el juvenil. Nota 5.0<\/p>\n<p><strong>9.-Felipe Mora:<\/strong> Le toc\u00f3 batallar y no le qued\u00f3 casi ninguna con claridad. Nota 5.0<\/p>\n<p><strong>11.-Sebasti\u00e1n Ubilla:<\/strong> De haber sido el h\u00e9roe el partido pasado, ahora se choc\u00f3 una y otra vez con la defensa rival. Nota 4.0<\/p>\n<p><strong>Cambios<\/strong><\/p>\n<p><strong>8.-David Pizarro (64\u2019 por Ubilla):<\/strong> Gener\u00f3 un par de faules peligrosos, y con el en cancha cualquier pelota parada es peligrosa. Nota 4.5<\/p>\n<p><strong>17.-Mario Brice\u00f1o (70\u2019 Por Rozas):<\/strong> Definitivamente es solo un proyecto de jugador, como dir\u00eda V.H. Nota 3.0<\/p>\n<p><strong>19.-Juan Leiva (78\u2019 Por Beausejour:&#8212;&#8212;&#8211;<\/strong><\/p>\n","protected":false},"excerpt":{"rendered":"<p>Fue un partido extra\u00f1o, donde a los 13 minutos el \u00e1rbitro se apresur\u00f3 y expuls\u00f3 a Lorenzetti, acaso el jugador m\u00e1s regular de la Universidad de Chile en los \u00faltimos 24 meses, sin duda podr\u00eda haber sido tarjeta roja si la falta hubiese sido cometida por otro jugador, pero el \u201cDuende\u201d es la primera vez [&#8230;]<\/p>\n","protected":false},"author":21381,"featured_media":11309,"comment_status":"closed","ping_status":"open","sticky":false,"template":"","format":"standard","meta":{"footnotes":""},"categories":[18],"tags":[43,1005,518],"class_list":{"0":"post-11308","1":"post","2":"type-post","3":"status-publish","4":"format-standard","5":"has-post-thumbnail","7":"category-actualidad","8":"tag-marca-personal","9":"tag-torneo-clausura-2016-2017","10":"tag-universiadad-de-chile"},"_links":{"self":[{"href":"https:\/\/www.rincondelbulla.cl\/portal\/wp-json\/wp\/v2\/posts\/11308","targetHints":{"allow":["GET"]}}],"collection":[{"href":"https:\/\/www.rincondelbulla.cl\/portal\/wp-json\/wp\/v2\/posts"}],"about":[{"href":"https:\/\/www.rincondelbulla.cl\/portal\/wp-json\/wp\/v2\/types\/post"}],"author":[{"embeddable":true,"href":"https:\/\/www.rincondelbulla.cl\/portal\/wp-json\/wp\/v2\/users\/21381"}],"replies":[{"embeddable":true,"href":"https:\/\/www.rincondelbulla.cl\/portal\/wp-json\/wp\/v2\/comments?post=11308"}],"version-history":[{"count":1,"href":"https:\/\/www.rincondelbulla.cl\/portal\/wp-json\/wp\/v2\/posts\/11308\/revisions"}],"predecessor-version":[{"id":11310,"href":"https:\/\/www.rincondelbulla.cl\/portal\/wp-json\/wp\/v2\/posts\/11308\/revisions\/11310"}],"wp:featuredmedia":[{"embeddable":true,"href":"https:\/\/www.rincondelbulla.cl\/portal\/wp-json\/wp\/v2\/media\/11309"}],"wp:attachment":[{"href":"https:\/\/www.rincondelbulla.cl\/portal\/wp-json\/wp\/v2\/media?parent=11308"}],"wp:term":[{"taxonomy":"category","embeddable":true,"href":"https:\/\/www.rincondelbulla.cl\/portal\/wp-json\/wp\/v2\/categories?post=11308"},{"taxonomy":"post_tag","embeddable":true,"href":"https:\/\/www.rincondelbulla.cl\/portal\/wp-json\/wp\/v2\/tags?post=11308"}],"curies":[{"name":"wp","href":"https:\/\/api.w.org\/{rel}","templated":true}]}}