{"id":11312,"date":"2017-04-03T19:10:49","date_gmt":"2017-04-03T22:10:49","guid":{"rendered":"http:\/\/www.rincondelbulla.cl\/portal\/?p=11312"},"modified":"2017-04-03T19:10:50","modified_gmt":"2017-04-03T22:10:50","slug":"la-u-prepara-el-debut-en-sudamericana-pasar-la-llave-seria-un-impulso-importante-para-lo-que-queda-de-ano","status":"publish","type":"post","link":"https:\/\/www.rincondelbulla.cl\/portal\/2017\/04\/03\/la-u-prepara-el-debut-en-sudamericana-pasar-la-llave-seria-un-impulso-importante-para-lo-que-queda-de-ano\/","title":{"rendered":"La U prepara el debut en Sudamericana: \u00abPasar la llave ser\u00eda un impulso importante para lo que queda de a\u00f1o\u00bb"},"content":{"rendered":"<p><img loading=\"lazy\" decoding=\"async\" class=\"alignright size-full wp-image-11183\" src=\"http:\/\/www.rincondelbulla.cl\/portal\/wp-content\/uploads\/2017\/03\/17157618_10210973675631369_6417650148699947428_o.jpg\" alt=\"\" width=\"2048\" height=\"1365\" srcset=\"https:\/\/www.rincondelbulla.cl\/portal\/wp-content\/uploads\/2017\/03\/17157618_10210973675631369_6417650148699947428_o.jpg 2048w, https:\/\/www.rincondelbulla.cl\/portal\/wp-content\/uploads\/2017\/03\/17157618_10210973675631369_6417650148699947428_o-300x200.jpg 300w, https:\/\/www.rincondelbulla.cl\/portal\/wp-content\/uploads\/2017\/03\/17157618_10210973675631369_6417650148699947428_o-768x512.jpg 768w, https:\/\/www.rincondelbulla.cl\/portal\/wp-content\/uploads\/2017\/03\/17157618_10210973675631369_6417650148699947428_o-1200x800.jpg 1200w, https:\/\/www.rincondelbulla.cl\/portal\/wp-content\/uploads\/2017\/03\/17157618_10210973675631369_6417650148699947428_o-696x464.jpg 696w, https:\/\/www.rincondelbulla.cl\/portal\/wp-content\/uploads\/2017\/03\/17157618_10210973675631369_6417650148699947428_o-1068x712.jpg 1068w, https:\/\/www.rincondelbulla.cl\/portal\/wp-content\/uploads\/2017\/03\/17157618_10210973675631369_6417650148699947428_o-630x420.jpg 630w\" sizes=\"auto, (max-width: 2048px) 100vw, 2048px\" \/><\/p>\n<p><strong>Este mi\u00e9rcoles los azules visitar\u00e1n Sao Paulo (Brasil) para enfrentar a Corinthians (21:45 hrs.) en lo que ser\u00e1 el debut en la Copa Sudamericana. El gigante brasile\u00f1o llega con solo una victoria en los \u00faltimos seis partido, lo que abre una luz de esperanza para la U que llega en alza.<\/strong><\/p>\n<p><!--more--><\/p>\n<p>Semana decisiva para Universidad de Chile que jugar\u00e1 tres partidos en una semana. El primero result\u00f3 en empate sin goles frente a U. de Concepci\u00f3n. Ahora restan Corinthians, el mi\u00e9rcoles a las 21:45 horas. Y el S\u00faperclasico con Colo-Colo el pr\u00f3ximo s\u00e1bado en el Estadio Nacional.<\/p>\n<p>En la previa del duelo con los paulistas, uno que visti\u00f3 la camiseta del \u201c<em>timao<\/em>\u201d, Johnny Herrera, enfrent\u00f3 a los medios de prensa hoy en el CDA. El capit\u00e1n azul se mostr\u00f3 optimista en torno a lo que el equipo puede lograr en esta semana, una de las m\u00e1s importante para los dirigidos de Guillermo Hoyos.<\/p>\n<p><strong>\u201cFeliz de jugar un partido como este, ante el mejor equipo de Brasil<\/strong>\u201d, parti\u00f3 comentando Johnny quien adem\u00e1s a\u00f1adi\u00f3 que el partido ser\u00e1 un <strong>\u201ctremendo desaf\u00edo para el plantel. Va a ser un partido atractivo, y sacar un buen resultado y ganar la llave ser\u00eda un impulso importante para el resto del a\u00f1o\u201d.<\/strong><\/p>\n<p>Sobre lo que ser\u00e1 el reencuentro con su ex equipo, donde milit\u00f3 en 2006, Herrera coment\u00f3 que <strong>\u201crecordar ese paso por Sao Paulo en el Corinthians trae recuerdos bonitos. Pero m\u00e1s all\u00e1 del reencuentro hoy defiendo a la U y quiero que ganemos y pasemos la llave\u201d.<\/strong><\/p>\n<p>Cabe destacar que el equipo brasile\u00f1o registra solo un triunfo en las \u00faltimas seis fechas, lo que le abre la puerta a la ilusi\u00f3n azul. Sin embargo el portero de los universitarios no se conf\u00eda: \u201c<strong>E<\/strong><strong>s un equipo duro, muy fuerte y f\u00edsico. Si nos abocamos a ir a buscar el partido creo que podr\u00edamos traernos un buen resultados, para dejar la llave abierta para la vuelta en Santiago\u201d.<\/strong><\/p>\n<p>Hoy se confirm\u00f3 que Universidad de Chile tendr\u00e1 la sensible baja de Jean Beausejour, uno de los referentes del plantel actual que sali\u00f3 contracturado en el empate del fin de semana entre los universitarios y el Campanil.<\/p>\n<p>Sobre la ausencia del seleccionado nacional, el capit\u00e1n azul se\u00f1al\u00f3 que \u201c<strong>es una baja importante, que nos va a afectar en este tipo de partido porque es un jugador que tiene experiencia para regalar. Este tipo de encuentros es para Jean. Sin embargo tenemos jugadores que pueden suplir su posici\u00f3n\u201d.<\/strong><\/p>\n<p><strong>EL SUPERCL\u00c1SICO<\/strong><\/p>\n<p>En cuanto al pr\u00f3ximo Supercl\u00e1sico a disputarse el s\u00e1bado al mediod\u00eda, el capit\u00e1n se\u00f1al\u00f3 que <strong>\u00absabemos que once contra once lo podemos ganar.\u00a0<\/strong><strong>Estamos bien, vamos incresendo.\u00a0El equipo se encontr\u00f3 y encontramos un sistema de juego m\u00e1s r\u00e1pido. Hoy estamos peleando un campeonato que hace dos semanas atr\u00e1s parec\u00eda imposible\u00bb.<\/strong><\/p>\n<p>Sobre la estad\u00edstica negativa que tiene la U en este tipo de partidos, el portero azul fue claro al se\u00f1alar que: <strong>\u00abSi mi equipo est\u00e1 bien, creo que vamos a dejar los tres puntos en casa. Si bien Colo-Colo nos gan\u00f3 antes, nos ganaban tambi\u00e9n todos los equipos porque nuestro nivel era muy bajo. Yo me qued\u00f3 con la final que les ganamos hace dos a\u00f1os. La convicci\u00f3n de ganar este partido est\u00e1 intacta\u00bb.<\/strong><\/p>\n<p>Uno de los hitos que marc\u00f3 el empate del fin de semana ante el Campanil fue la expulsi\u00f3n de Gustavo Lorenzetti, la cual Herrera lament\u00f3 no sin proponer a su reemplazante: <strong>\u00abLa baja de Gustavo es tremendamente importante. El fin de semana quedamos sin motor a los 10 minutos. Me gustar\u00eda que jugara David, pero es una decisi\u00f3n del entrenador\u00bb.<\/strong><\/p>\n<p>Para finalizar Johnny le quit\u00f3 importancia a lo que podr\u00eda significar el desgaste de una semana complicada: \u00ab<strong>Creo que somos un equipo joven, no deber\u00eda afectarnos el cansancio\u00bb.<\/strong><\/p>\n","protected":false},"excerpt":{"rendered":"<p>Este mi\u00e9rcoles los azules visitar\u00e1n Sao Paulo (Brasil) para enfrentar a Corinthians (21:45 hrs.) en lo que ser\u00e1 el debut en la Copa Sudamericana. El gigante brasile\u00f1o llega con solo una victoria en los \u00faltimos seis partido, lo que abre una luz de esperanza para la U que llega en alza.<\/p>\n","protected":false},"author":21383,"featured_media":11306,"comment_status":"closed","ping_status":"open","sticky":false,"template":"","format":"standard","meta":{"footnotes":""},"categories":[1],"tags":[502,80,41,157],"class_list":{"0":"post-11312","1":"post","2":"type-post","3":"status-publish","4":"format-standard","5":"has-post-thumbnail","7":"category-sin-categoria","8":"tag-colo-colo","9":"tag-copa-sudamericana","10":"tag-johnny-herrera","11":"tag-portada"},"_links":{"self":[{"href":"https:\/\/www.rincondelbulla.cl\/portal\/wp-json\/wp\/v2\/posts\/11312","targetHints":{"allow":["GET"]}}],"collection":[{"href":"https:\/\/www.rincondelbulla.cl\/portal\/wp-json\/wp\/v2\/posts"}],"about":[{"href":"https:\/\/www.rincondelbulla.cl\/portal\/wp-json\/wp\/v2\/types\/post"}],"author":[{"embeddable":true,"href":"https:\/\/www.rincondelbulla.cl\/portal\/wp-json\/wp\/v2\/users\/21383"}],"replies":[{"embeddable":true,"href":"https:\/\/www.rincondelbulla.cl\/portal\/wp-json\/wp\/v2\/comments?post=11312"}],"version-history":[{"count":1,"href":"https:\/\/www.rincondelbulla.cl\/portal\/wp-json\/wp\/v2\/posts\/11312\/revisions"}],"predecessor-version":[{"id":11313,"href":"https:\/\/www.rincondelbulla.cl\/portal\/wp-json\/wp\/v2\/posts\/11312\/revisions\/11313"}],"wp:featuredmedia":[{"embeddable":true,"href":"https:\/\/www.rincondelbulla.cl\/portal\/wp-json\/wp\/v2\/media\/11306"}],"wp:attachment":[{"href":"https:\/\/www.rincondelbulla.cl\/portal\/wp-json\/wp\/v2\/media?parent=11312"}],"wp:term":[{"taxonomy":"category","embeddable":true,"href":"https:\/\/www.rincondelbulla.cl\/portal\/wp-json\/wp\/v2\/categories?post=11312"},{"taxonomy":"post_tag","embeddable":true,"href":"https:\/\/www.rincondelbulla.cl\/portal\/wp-json\/wp\/v2\/tags?post=11312"}],"curies":[{"name":"wp","href":"https:\/\/api.w.org\/{rel}","templated":true}]}}