{"id":11314,"date":"2017-04-04T10:02:37","date_gmt":"2017-04-04T13:02:37","guid":{"rendered":"http:\/\/www.rincondelbulla.cl\/portal\/?p=11314"},"modified":"2017-04-04T10:02:37","modified_gmt":"2017-04-04T13:02:37","slug":"operacion-superclasico","status":"publish","type":"post","link":"https:\/\/www.rincondelbulla.cl\/portal\/2017\/04\/04\/operacion-superclasico\/","title":{"rendered":"Operaci\u00f3n SuperCl\u00e1sico"},"content":{"rendered":"<p><img loading=\"lazy\" decoding=\"async\" class=\"alignnone size-full wp-image-11315\" src=\"http:\/\/www.rincondelbulla.cl\/portal\/wp-content\/uploads\/2017\/04\/SaoPaulo.jpg\" alt=\"\" width=\"960\" height=\"720\" srcset=\"https:\/\/www.rincondelbulla.cl\/portal\/wp-content\/uploads\/2017\/04\/SaoPaulo.jpg 960w, https:\/\/www.rincondelbulla.cl\/portal\/wp-content\/uploads\/2017\/04\/SaoPaulo-300x225.jpg 300w, https:\/\/www.rincondelbulla.cl\/portal\/wp-content\/uploads\/2017\/04\/SaoPaulo-768x576.jpg 768w, https:\/\/www.rincondelbulla.cl\/portal\/wp-content\/uploads\/2017\/04\/SaoPaulo-80x60.jpg 80w, https:\/\/www.rincondelbulla.cl\/portal\/wp-content\/uploads\/2017\/04\/SaoPaulo-265x198.jpg 265w, https:\/\/www.rincondelbulla.cl\/portal\/wp-content\/uploads\/2017\/04\/SaoPaulo-696x522.jpg 696w, https:\/\/www.rincondelbulla.cl\/portal\/wp-content\/uploads\/2017\/04\/SaoPaulo-560x420.jpg 560w\" sizes=\"auto, (max-width: 960px) 100vw, 960px\" \/><\/p>\n<p><strong>Antes de viajar a Sao Paulo, Guillermo Hoyos dej\u00f3 todo planificado pensando en el cl\u00e1sico del f\u00fatbol chileno, pidiendo a Azul Azul una noche extra de alojamiento luego del duelo del debut de la Sudamericana, c\u00e1mara hiperb\u00e1rica y entrenamientos a la hora del duelo del s\u00e1bado es parte de la preparaci\u00f3n del duelo frente a los de Macul.<\/strong><\/p>\n<p>El t\u00e9cnico azul sabe que adem\u00e1s de un buen resultado en Brasil, los hinchas necesitan volver a la alegr\u00eda en los cl\u00e1sicos locales, es por ello que no dej\u00f3 nada al azar en la, quiz\u00e1s, semana m\u00e1s importante del semestre:<\/p>\n<p><strong>Operaci\u00f3n Brasil<\/strong><\/p>\n<p>La planificaci\u00f3n inicial inclu\u00eda viajar en un charter de vuelta luego del encuentro con Corinthians, pero Hoyos opt\u00f3 por pernoctar esa noche en la capital paulista para as\u00ed otorgar un descanso adecuado a sus pupilos luego de un partido que seguramente dejar\u00e1 a los jugadores muy desgastados. Una vez aterrizados en Santiago los jugadores tendr\u00e1n distintos tratamientos reconstitutivos. <\/p>\n<p><strong>C\u00e1mara hiperb\u00e1rica<\/strong><\/p>\n<p>Dentro de esos tratamientos para recuperar a los jugadores, el t\u00e9cnico azul le pidi\u00f3 a la directiva una c\u00e1mara hiperb\u00e1rica, con esto se espera recuperar a los jugadores tanto en lo f\u00edsico como en lo an\u00edmico de cara al encuentro del s\u00e1bado frente al archirrival. Lo que logra este m\u00e9todo es oxigenar las c\u00e9lulas del cuerpo post ejercicios y as\u00ed tener una recuperaci\u00f3n f\u00edsica importante pensando en el desgaste de la semana que viven los jugadores del \u201cRom\u00e1ntico Viajero\u201d. El tratamiento tambi\u00e9n ser\u00e1 de vital importancia para recuperar a Jean Beauseujeor.<\/p>\n<p><strong>Hora de entrenamiento<\/strong><\/p>\n<p>Hoyos cambio todos los horarios de entrenamiento en el CDA durante la presente semana para las 12 del mediod\u00eda, para que as\u00ed los jugadores asimilen de mejor manera la temperatura que habr\u00e1 en el nacional el d\u00eda s\u00e1bado. <\/p>\n<p><strong>Lorenzetti<\/strong><\/p>\n<p>Hoy sesiona el tribunal de penalidades y Azul Azul enviar\u00e1 un abogado para defender al \u201cduende azul\u201d, dentro de los argumentos est\u00e1n su irreprochable conducta en los campos de juegos chilenos, y demostrar que no es un jugador mal intencionado. De esta manera se rumorea en el CDA que la jugada ser\u00eda posponer la resoluci\u00f3n del tribunal para la semana siguiente y de esta manera que Lorenzetti est\u00e9 disponible para el Derby del f\u00fatbol chileno.<\/p>\n","protected":false},"excerpt":{"rendered":"<p>Antes de viajar a Sao Paulo, Guillermo Hoyos dej\u00f3 todo planificado pensando en el cl\u00e1sico del f\u00fatbol chileno, pidiendo a Azul Azul una noche extra de alojamiento luego del duelo del debut de la Sudamericana, c\u00e1mara hiperb\u00e1rica y entrenamientos a la hora del duelo del s\u00e1bado es parte de la preparaci\u00f3n del duelo frente a [&#8230;]<\/p>\n","protected":false},"author":21381,"featured_media":11315,"comment_status":"closed","ping_status":"open","sticky":false,"template":"","format":"standard","meta":{"footnotes":""},"categories":[18],"tags":[379,1005,156],"class_list":{"0":"post-11314","1":"post","2":"type-post","3":"status-publish","4":"format-standard","5":"has-post-thumbnail","7":"category-actualidad","8":"tag-super-clasico","9":"tag-torneo-clausura-2016-2017","10":"tag-universidad-de-chile"},"_links":{"self":[{"href":"https:\/\/www.rincondelbulla.cl\/portal\/wp-json\/wp\/v2\/posts\/11314","targetHints":{"allow":["GET"]}}],"collection":[{"href":"https:\/\/www.rincondelbulla.cl\/portal\/wp-json\/wp\/v2\/posts"}],"about":[{"href":"https:\/\/www.rincondelbulla.cl\/portal\/wp-json\/wp\/v2\/types\/post"}],"author":[{"embeddable":true,"href":"https:\/\/www.rincondelbulla.cl\/portal\/wp-json\/wp\/v2\/users\/21381"}],"replies":[{"embeddable":true,"href":"https:\/\/www.rincondelbulla.cl\/portal\/wp-json\/wp\/v2\/comments?post=11314"}],"version-history":[{"count":2,"href":"https:\/\/www.rincondelbulla.cl\/portal\/wp-json\/wp\/v2\/posts\/11314\/revisions"}],"predecessor-version":[{"id":11317,"href":"https:\/\/www.rincondelbulla.cl\/portal\/wp-json\/wp\/v2\/posts\/11314\/revisions\/11317"}],"wp:featuredmedia":[{"embeddable":true,"href":"https:\/\/www.rincondelbulla.cl\/portal\/wp-json\/wp\/v2\/media\/11315"}],"wp:attachment":[{"href":"https:\/\/www.rincondelbulla.cl\/portal\/wp-json\/wp\/v2\/media?parent=11314"}],"wp:term":[{"taxonomy":"category","embeddable":true,"href":"https:\/\/www.rincondelbulla.cl\/portal\/wp-json\/wp\/v2\/categories?post=11314"},{"taxonomy":"post_tag","embeddable":true,"href":"https:\/\/www.rincondelbulla.cl\/portal\/wp-json\/wp\/v2\/tags?post=11314"}],"curies":[{"name":"wp","href":"https:\/\/api.w.org\/{rel}","templated":true}]}}