{"id":11382,"date":"2017-04-08T20:14:20","date_gmt":"2017-04-08T23:14:20","guid":{"rendered":"http:\/\/www.rincondelbulla.cl\/portal\/?p=11382"},"modified":"2017-04-08T23:50:37","modified_gmt":"2017-04-09T02:50:37","slug":"declaraciones-solo-puedo-agradecer-las-ganas-y-el-sacrificio-de-los-jugadores-guillermo-hoyos","status":"publish","type":"post","link":"https:\/\/www.rincondelbulla.cl\/portal\/2017\/04\/08\/declaraciones-solo-puedo-agradecer-las-ganas-y-el-sacrificio-de-los-jugadores-guillermo-hoyos\/","title":{"rendered":"Declaraciones: \u00abSolo puedo agradecer las ganas y el sacrificio de los jugadores\u00bb"},"content":{"rendered":"<p><img loading=\"lazy\" decoding=\"async\" class=\"alignnone size-full wp-image-11383\" src=\"http:\/\/www.rincondelbulla.cl\/portal\/wp-content\/uploads\/2017\/04\/17855096_10211306886481432_8628839365026105036_o.jpg\" alt=\"\" width=\"2000\" height=\"1333\" srcset=\"https:\/\/www.rincondelbulla.cl\/portal\/wp-content\/uploads\/2017\/04\/17855096_10211306886481432_8628839365026105036_o.jpg 2000w, https:\/\/www.rincondelbulla.cl\/portal\/wp-content\/uploads\/2017\/04\/17855096_10211306886481432_8628839365026105036_o-300x200.jpg 300w, https:\/\/www.rincondelbulla.cl\/portal\/wp-content\/uploads\/2017\/04\/17855096_10211306886481432_8628839365026105036_o-768x512.jpg 768w, https:\/\/www.rincondelbulla.cl\/portal\/wp-content\/uploads\/2017\/04\/17855096_10211306886481432_8628839365026105036_o-1200x800.jpg 1200w, https:\/\/www.rincondelbulla.cl\/portal\/wp-content\/uploads\/2017\/04\/17855096_10211306886481432_8628839365026105036_o-696x464.jpg 696w, https:\/\/www.rincondelbulla.cl\/portal\/wp-content\/uploads\/2017\/04\/17855096_10211306886481432_8628839365026105036_o-1068x712.jpg 1068w, https:\/\/www.rincondelbulla.cl\/portal\/wp-content\/uploads\/2017\/04\/17855096_10211306886481432_8628839365026105036_o-630x420.jpg 630w\" sizes=\"auto, (max-width: 2000px) 100vw, 2000px\" \/><\/p>\n<p><strong>Guillermo Hoyos antes de comenzar la conferencia de prensa se solicit\u00f3 un momento para referirse a los jugadores: \u201cLes pido 5 minutos, hoy no puedo analizar rendimientos individuales, solo puedo agradecer el sacrificio y las ganas que mostraron los chicos durante la semana. Eso se valora much\u00edsimo, sobre todo la garra y esp\u00edritu de hoy. Me siento orgulloso por el equipo. No les puedo reprochar nada\u201d.<\/strong><!--more--><\/p>\n<p>Luego Hoyos se refiri\u00f3 a ciertas situaciones del partido:<\/p>\n<p><strong>Cambio de Ubilla:<\/strong> \u201cTen\u00eda una peque\u00f1a molestia. Tambi\u00e9n pas\u00f3 por momentos que ocurren en el partido\u201d.<\/p>\n<p><strong>El error de Johnny:<\/strong> \u201cLa forma que tenemos de trabajo no magn\u00edfica esos errores, que muchas veces son accidentes. Estoy agradecido de tener a un arquero como Johnny. No pasa nada\u201d.<\/p>\n<p><strong>El T\u00edtulo:<\/strong> \u201cVamos partido a partido. Hay que ganarle a Antofagasta, ir sumando y recuperarse de esta semana dura. El campeonato est\u00e1 abierto para todos. Nadie tiene asegurado nada. Cada partido es luchado e intenso\u201d.<\/p>\n<p><strong>Johnny Herrera tambi\u00e9n habl\u00f3 en camarines, y reconoci\u00f3 que el segundo gol del archirrival \u201cNi en los entrenamientos me hab\u00eda pasado\u201d<\/strong><\/p>\n<p>Pero el capit\u00e1n azul no se qued\u00f3 ah\u00ed y ahond\u00f3 en su error: \u201cFue una jugada desafortunada de mi parte. Un accidente en el f\u00fatbol\u00bb.<\/p>\n<p><strong>Opciones de dar la vuelta: \u201cHasta la \u00faltima fecha seguiremos peleando por el t\u00edtulo, y es claro que el equipo va en alza\u201d.<\/strong><\/p>\n<p><strong>Jean Beausejour<\/strong><\/p>\n<p>Fue otro jugador de los que hablaron en zona mixta, asegurando que: \u201cDuele no haber ganado el partido, duele por lo que estamos peleando, y porque quer\u00edamos darle un triunfo a nuestra gente, porque de verdad es impresionante jugar con el marco de p\u00fablico que hab\u00eda hoy en el estadio, es muy bonito y emocionante la incondicionalidad de nuestra gente\u201d, asegur\u00f3 el seleccionado.<\/p>\n<p>\u201cPese a no conseguir el triunfo debemos rescatar ciertas cosas, y no podemos olvidar el desgaste f\u00edsico de gran parte del equipo, que casi no se not\u00f3, incluso se not\u00f3 m\u00e1s en el primer tiempo que en el segundo\u201d, coment\u00f3\u00a0el zurdo de ra\u00edces mapuches.<\/p>\n","protected":false},"excerpt":{"rendered":"<p>Guillermo Hoyos antes de comenzar la conferencia de prensa se solicit\u00f3 un momento para referirse a los jugadores: \u201cLes pido 5 minutos, hoy no puedo analizar rendimientos individuales, solo puedo agradecer el sacrificio y las ganas que mostraron los chicos durante la semana. Eso se valora much\u00edsimo, sobre todo la garra y esp\u00edritu de hoy. [&#8230;]<\/p>\n","protected":false},"author":21381,"featured_media":11383,"comment_status":"closed","ping_status":"open","sticky":false,"template":"","format":"standard","meta":{"footnotes":""},"categories":[18],"tags":[170,1006,379,1005,518],"class_list":{"0":"post-11382","1":"post","2":"type-post","3":"status-publish","4":"format-standard","5":"has-post-thumbnail","7":"category-actualidad","8":"tag-clasico","9":"tag-guillermo-hoyos","10":"tag-super-clasico","11":"tag-torneo-clausura-2016-2017","12":"tag-universiadad-de-chile"},"_links":{"self":[{"href":"https:\/\/www.rincondelbulla.cl\/portal\/wp-json\/wp\/v2\/posts\/11382","targetHints":{"allow":["GET"]}}],"collection":[{"href":"https:\/\/www.rincondelbulla.cl\/portal\/wp-json\/wp\/v2\/posts"}],"about":[{"href":"https:\/\/www.rincondelbulla.cl\/portal\/wp-json\/wp\/v2\/types\/post"}],"author":[{"embeddable":true,"href":"https:\/\/www.rincondelbulla.cl\/portal\/wp-json\/wp\/v2\/users\/21381"}],"replies":[{"embeddable":true,"href":"https:\/\/www.rincondelbulla.cl\/portal\/wp-json\/wp\/v2\/comments?post=11382"}],"version-history":[{"count":3,"href":"https:\/\/www.rincondelbulla.cl\/portal\/wp-json\/wp\/v2\/posts\/11382\/revisions"}],"predecessor-version":[{"id":11386,"href":"https:\/\/www.rincondelbulla.cl\/portal\/wp-json\/wp\/v2\/posts\/11382\/revisions\/11386"}],"wp:featuredmedia":[{"embeddable":true,"href":"https:\/\/www.rincondelbulla.cl\/portal\/wp-json\/wp\/v2\/media\/11383"}],"wp:attachment":[{"href":"https:\/\/www.rincondelbulla.cl\/portal\/wp-json\/wp\/v2\/media?parent=11382"}],"wp:term":[{"taxonomy":"category","embeddable":true,"href":"https:\/\/www.rincondelbulla.cl\/portal\/wp-json\/wp\/v2\/categories?post=11382"},{"taxonomy":"post_tag","embeddable":true,"href":"https:\/\/www.rincondelbulla.cl\/portal\/wp-json\/wp\/v2\/tags?post=11382"}],"curies":[{"name":"wp","href":"https:\/\/api.w.org\/{rel}","templated":true}]}}