{"id":11387,"date":"2017-04-09T22:32:54","date_gmt":"2017-04-10T01:32:54","guid":{"rendered":"http:\/\/www.rincondelbulla.cl\/portal\/?p=11387"},"modified":"2017-04-09T22:32:54","modified_gmt":"2017-04-10T01:32:54","slug":"marca-personal-los-errores-pasan-la-cuenta","status":"publish","type":"post","link":"https:\/\/www.rincondelbulla.cl\/portal\/2017\/04\/09\/marca-personal-los-errores-pasan-la-cuenta\/","title":{"rendered":"Marca Personal: Los errores pasan la cuenta"},"content":{"rendered":"<p><img loading=\"lazy\" decoding=\"async\" class=\"alignnone size-full wp-image-11388\" src=\"http:\/\/www.rincondelbulla.cl\/portal\/wp-content\/uploads\/2017\/04\/17835105_10211307004324378_7420512747718828217_o.jpg\" alt=\"\" width=\"2000\" height=\"1333\" srcset=\"https:\/\/www.rincondelbulla.cl\/portal\/wp-content\/uploads\/2017\/04\/17835105_10211307004324378_7420512747718828217_o.jpg 2000w, https:\/\/www.rincondelbulla.cl\/portal\/wp-content\/uploads\/2017\/04\/17835105_10211307004324378_7420512747718828217_o-300x200.jpg 300w, https:\/\/www.rincondelbulla.cl\/portal\/wp-content\/uploads\/2017\/04\/17835105_10211307004324378_7420512747718828217_o-768x512.jpg 768w, https:\/\/www.rincondelbulla.cl\/portal\/wp-content\/uploads\/2017\/04\/17835105_10211307004324378_7420512747718828217_o-1200x800.jpg 1200w, https:\/\/www.rincondelbulla.cl\/portal\/wp-content\/uploads\/2017\/04\/17835105_10211307004324378_7420512747718828217_o-696x464.jpg 696w, https:\/\/www.rincondelbulla.cl\/portal\/wp-content\/uploads\/2017\/04\/17835105_10211307004324378_7420512747718828217_o-1068x712.jpg 1068w, https:\/\/www.rincondelbulla.cl\/portal\/wp-content\/uploads\/2017\/04\/17835105_10211307004324378_7420512747718828217_o-630x420.jpg 630w\" sizes=\"auto, (max-width: 2000px) 100vw, 2000px\" \/><\/p>\n<p><strong>Inesperadamente Hoyos mand\u00f3 a Pizarro y Ontivero a la cancha desde el minuto inicial, quiz\u00e1s buscando una mayor tenencia de pelota y una explosi\u00f3n por las bandas, ambos no dieron el ancho del cl\u00e1sico m\u00e1s importante del f\u00fatbol nacional, pese a ello la U hizo un muy buen partido y el marcador fue el reflejo de un entretenido partido.<\/strong><!--more--><\/p>\n<p>En el primer tiempo se noto el cansancio del viaje y el partido jugado a media semana, pese a ello tras una muy buena jugada de Felipe Mora en el \u00e1rea rival Sebasti\u00e1n Ubilla mando con sendo cabezazo la pelota al fondo de las redes y abr\u00eda la cuenta para los azules a los 24 minutos. Los azules tuvieron un par de ocasiones de aumentar, pero se desvanecieron as\u00ed como el equilibrio en el medio terreno, as\u00ed lleg\u00f3 la igualdad a trav\u00e9s de Rivero en el minuto 45, tras muy buen tiro.<\/p>\n<p>El segundo tiempo Hoyos movi\u00f3 las fichas del tablero, y volvi\u00f3 a dominar las acciones de juego, para muchos esa era la alineaci\u00f3n que debi\u00f3 haber mandado al campo de juego desde el primer minuto, salvo por Ontivero que se mantuvo en el c\u00e9sped del nacional. Pero a los 63 minutos cuando las acciones estaban parejas Felipe Mora marc\u00f3 el 2-1 gracias a una chambonada de Garces. Pero sin duda no era el d\u00eda de los arqueros, y Herrera retruco el error de Garces, tratando de hacer una postal para los matutinos, que termin\u00f3 con el bal\u00f3n en el fondo de las redes tras tiro de Rivero en el 75. Los \u00faltimos minutos fueron para la visita. Sin duda es el primer cl\u00e1sico en que el equipo nuevamente compite de igual a igual contra Colo Colo, m\u00e9rito total del t\u00e9cnico Hoyos. Este es el Marca Personal del Rinc\u00f3n del Bulla:<\/p>\n<p><strong>25.-Johnny Herrera:<\/strong> Como otras veces le debemos victoria, si ayer hubiera decidido actuar por el bien del equipo, el partido hubiera terminado con triunfo azul. Nota 3.0<\/p>\n<p><strong>16.-Mat\u00edas Rodr\u00edguez:<\/strong> A pesar del desgaste de la \u00faltima semana se sigue convirtiendo en figura fundamental en el esquema de Hoyos. Nota 5.5<\/p>\n<p><strong>2.-Cristian Vilches:<\/strong> Muy bien en las marcas, no se complic\u00f3 con la pelota en los pies. Nota 5.0<\/p>\n<p><strong>18.- Gonzalo Jara:<\/strong> Quiz\u00e1s el mejor partido del defensor desde que lleg\u00f3 a la U, muy bien por Jara, mostr\u00f3 jerarqu\u00eda y madurez. Nota 5.5<\/p>\n<p><strong>15.-Jean Beausejour:<\/strong> Desbord\u00f3 de buena manera, y no dej\u00f3 que le hicieran da\u00f1o por su banda. Nota 5.5<\/p>\n<p><strong>5.-Gonzalo Espinoza:<\/strong> <strong>Sin lugar a dudas la figura del encuentro, recuperando balones y generando f\u00fatbol, incluso pisando el \u00e1rea rival. Nota 6.5<\/strong><\/p>\n<p><strong>21.-Lorenzo Reyes<\/strong>:Notable Reyes, a ratos se le ve\u00eda como l\u00edbero, o iniciando los contragolpes. Nota 6.0<\/p>\n<p><strong>8.-David Pizarro:<\/strong> Definitivamente no est\u00e1 para ser titular, y mucho menos en un cl\u00e1sico. Nota 3.0<\/p>\n<p><strong>20.-Luca Ontivero:<\/strong> Malisimo partido del argentino, se gan\u00f3 una amarilla en el primer tiempo, y en el segundo estuvo a punto de ganar la segunda, no mostr\u00f3 nada de lo por que fue contratado. Nota 2.0<\/p>\n<p><strong>9.-Felipe Mora:<\/strong> Habilit\u00f3 de buena manera a Ubilla en el primero, y marc\u00f3 en el segundo, una de las figuras en el nacional. Nota 6,0<\/p>\n<p><strong>11.-Sebasti\u00e1n Ubilla:<\/strong> Pese al gol mostr\u00f3 muy poco en el buen c\u00e9sped del nacional. Nota 4.0<\/p>\n<p><strong>Cambios<\/strong><\/p>\n<p><strong>14.-Franz Schulz (45\u2019 por Pizarro):<\/strong> Le dio equilibrio al equipo, adem\u00e1s de poner garra en cada bal\u00f3n. Nota 5.5<\/p>\n<p><strong>7.-Leandro Benegas (45\u2019 por Ubilla):<\/strong> Ay Benegas, mucho entusiasmo y poco f\u00fatbol, tuvo una en inmejorable posici\u00f3n y la envi\u00f3 a las nubes, a\u00fan no marca un gol en el 2017. Nota 3.5<\/p>\n<p><strong>24.-Ivan Rozas (60\u2019 por Ontivero):<\/strong> Para ser su primer cl\u00e1sico mostr\u00f3 car\u00e1cter, aunque debe aprovechar m\u00e1s su envergadura f\u00edsica. Nota 4.5<\/p>\n","protected":false},"excerpt":{"rendered":"<p>Inesperadamente Hoyos mand\u00f3 a Pizarro y Ontivero a la cancha desde el minuto inicial, quiz\u00e1s buscando una mayor tenencia de pelota y una explosi\u00f3n por las bandas, ambos no dieron el ancho del cl\u00e1sico m\u00e1s importante del f\u00fatbol nacional, pese a ello la U hizo un muy buen partido y el marcador fue el reflejo [&#8230;]<\/p>\n","protected":false},"author":21381,"featured_media":11388,"comment_status":"closed","ping_status":"open","sticky":false,"template":"","format":"standard","meta":{"footnotes":""},"categories":[18],"tags":[170,502,1005,156],"class_list":{"0":"post-11387","1":"post","2":"type-post","3":"status-publish","4":"format-standard","5":"has-post-thumbnail","7":"category-actualidad","8":"tag-clasico","9":"tag-colo-colo","10":"tag-torneo-clausura-2016-2017","11":"tag-universidad-de-chile"},"_links":{"self":[{"href":"https:\/\/www.rincondelbulla.cl\/portal\/wp-json\/wp\/v2\/posts\/11387","targetHints":{"allow":["GET"]}}],"collection":[{"href":"https:\/\/www.rincondelbulla.cl\/portal\/wp-json\/wp\/v2\/posts"}],"about":[{"href":"https:\/\/www.rincondelbulla.cl\/portal\/wp-json\/wp\/v2\/types\/post"}],"author":[{"embeddable":true,"href":"https:\/\/www.rincondelbulla.cl\/portal\/wp-json\/wp\/v2\/users\/21381"}],"replies":[{"embeddable":true,"href":"https:\/\/www.rincondelbulla.cl\/portal\/wp-json\/wp\/v2\/comments?post=11387"}],"version-history":[{"count":1,"href":"https:\/\/www.rincondelbulla.cl\/portal\/wp-json\/wp\/v2\/posts\/11387\/revisions"}],"predecessor-version":[{"id":11389,"href":"https:\/\/www.rincondelbulla.cl\/portal\/wp-json\/wp\/v2\/posts\/11387\/revisions\/11389"}],"wp:featuredmedia":[{"embeddable":true,"href":"https:\/\/www.rincondelbulla.cl\/portal\/wp-json\/wp\/v2\/media\/11388"}],"wp:attachment":[{"href":"https:\/\/www.rincondelbulla.cl\/portal\/wp-json\/wp\/v2\/media?parent=11387"}],"wp:term":[{"taxonomy":"category","embeddable":true,"href":"https:\/\/www.rincondelbulla.cl\/portal\/wp-json\/wp\/v2\/categories?post=11387"},{"taxonomy":"post_tag","embeddable":true,"href":"https:\/\/www.rincondelbulla.cl\/portal\/wp-json\/wp\/v2\/tags?post=11387"}],"curies":[{"name":"wp","href":"https:\/\/api.w.org\/{rel}","templated":true}]}}