{"id":11500,"date":"2017-04-29T14:59:45","date_gmt":"2017-04-29T18:59:45","guid":{"rendered":"http:\/\/www.rincondelbulla.cl\/portal\/?p=11500"},"modified":"2017-04-29T14:59:45","modified_gmt":"2017-04-29T18:59:45","slug":"hoyos-llama-a-levantarse-lo-mas-rapido-posible","status":"publish","type":"post","link":"https:\/\/www.rincondelbulla.cl\/portal\/2017\/04\/29\/hoyos-llama-a-levantarse-lo-mas-rapido-posible\/","title":{"rendered":"Hoyos llama a levantarse \u00ablo m\u00e1s r\u00e1pido posible\u00bb"},"content":{"rendered":"<figure id=\"attachment_11501\" aria-describedby=\"caption-attachment-11501\" style=\"width: 1280px\" class=\"wp-caption aligncenter\"><img loading=\"lazy\" decoding=\"async\" class=\"size-full wp-image-11501\" src=\"http:\/\/www.rincondelbulla.cl\/portal\/wp-content\/uploads\/2017\/04\/604ce4e0-7e0c-4ea5-8dd3-69b82bad2a69.jpg\" alt=\"\" width=\"1280\" height=\"852\" srcset=\"https:\/\/www.rincondelbulla.cl\/portal\/wp-content\/uploads\/2017\/04\/604ce4e0-7e0c-4ea5-8dd3-69b82bad2a69.jpg 1280w, https:\/\/www.rincondelbulla.cl\/portal\/wp-content\/uploads\/2017\/04\/604ce4e0-7e0c-4ea5-8dd3-69b82bad2a69-300x200.jpg 300w, https:\/\/www.rincondelbulla.cl\/portal\/wp-content\/uploads\/2017\/04\/604ce4e0-7e0c-4ea5-8dd3-69b82bad2a69-768x511.jpg 768w, https:\/\/www.rincondelbulla.cl\/portal\/wp-content\/uploads\/2017\/04\/604ce4e0-7e0c-4ea5-8dd3-69b82bad2a69-1200x799.jpg 1200w, https:\/\/www.rincondelbulla.cl\/portal\/wp-content\/uploads\/2017\/04\/604ce4e0-7e0c-4ea5-8dd3-69b82bad2a69-696x463.jpg 696w, https:\/\/www.rincondelbulla.cl\/portal\/wp-content\/uploads\/2017\/04\/604ce4e0-7e0c-4ea5-8dd3-69b82bad2a69-1068x711.jpg 1068w, https:\/\/www.rincondelbulla.cl\/portal\/wp-content\/uploads\/2017\/04\/604ce4e0-7e0c-4ea5-8dd3-69b82bad2a69-631x420.jpg 631w\" sizes=\"auto, (max-width: 1280px) 100vw, 1280px\" \/><figcaption id=\"caption-attachment-11501\" class=\"wp-caption-text\">El t\u00e9cnico azul cay\u00f3 luego de varias fechas al hilo sin dejar puntos. Fotograf\u00eda: Patricio Gonz\u00e1lez \/ Instagram: @pgonzalezphoto<\/figcaption><\/figure>\n<p><strong>Tras la sorpresiva ca\u00edda de 3-1 de los azules frente a la UC, el t\u00e9cnico azul sali\u00f3 a analizar la derrota en San Carlos de Apoquindo.<\/strong><\/p>\n<p><!--more--><\/p>\n<p><strong>\u00abHay que levantarse lo m\u00e1s r\u00e1pido posible porque este es un equipo inmenso\u00bb,<\/strong> afirm\u00f3 el trasandino en conferencia.<\/p>\n<p>Adem\u00e1s, el ex t\u00e9cnico de la Selecci\u00f3n de Bolivia manifest\u00f3 que le pareci\u00f3 un partido \u00ab<strong>muy disputado e intenso, con dos equipos buscando ganar<\/strong>\u00ab. Pese al resultado el t\u00e9cnico valor\u00f3 la entrega de sus jugadores se\u00f1alando \u00ab<strong>nos vamos tristes, pero seguimos trabajando. Esto no se termina\u00bb.<\/strong><\/p>\n<p>En cuanto a la derrota el DT se\u00f1al\u00f3<strong> \u00abperdimos tres puntos que quer\u00edamos y busc\u00e1bamos\u00bb.<\/strong><\/p>\n<p><strong>Las lesiones en la U<\/strong><\/p>\n<p>Sorpresa caus\u00f3 en el partido que Universidad de Chile debiese cambiar a dos de sus jugadores por lesi\u00f3n en menos de 30 minutos. Estos fueron Gonzalo Jara y Gustavo Lorenzetti. En tanto Sebasti\u00e1n Ubilla tambi\u00e9n debi\u00f3 ser reemplazado en la segunda mitad.<\/p>\n<p>Sobre este tema Juan Guillermo coment\u00f3 que lo de Jara \u00ab<strong>complic\u00f3 en la parte emocional. Ten\u00eda sangre y no sab\u00eda de d\u00f3nde. Los jugadores se\u00a0preocuparon, tuvo que ser llevado al hospital\u00bb.<\/strong><\/p>\n<p>Finalmente\u00a0el mismo Hoyos confirm\u00f3 que lo del defensa de la Selecci\u00f3n no se trataba de ninguna lesi\u00f3n interna.<\/p>\n<p>En cuanto a la sustituci\u00f3n de Ubilla el t\u00e9cnico coment\u00f3 que por suerte no se lesion\u00f3 y que <strong>\u00absali\u00f3 acalambrado por la exigencia del partido\u00bb.<\/strong><\/p>\n<p>Recordemos que la Universidad de Chile seguir\u00e1 en la lucha por el t\u00edtulo el pr\u00f3ximo viernes 05 de mayo cuando reciba a Cobresal en el Nacional.<\/p>\n","protected":false},"excerpt":{"rendered":"<p>Tras la sorpresiva ca\u00edda de 3-1 de los azules frente a la UC, el t\u00e9cnico azul sali\u00f3 a analizar la derrota en San Carlos de Apoquindo.<\/p>\n","protected":false},"author":21383,"featured_media":11501,"comment_status":"closed","ping_status":"open","sticky":false,"template":"","format":"standard","meta":{"footnotes":""},"categories":[18,20],"tags":[805,996,574,157,269],"class_list":{"0":"post-11500","1":"post","2":"type-post","3":"status-publish","4":"format-standard","5":"has-post-thumbnail","7":"category-actualidad","8":"category-avisos","9":"tag-conferencia","10":"tag-hoyos","11":"tag-jara","12":"tag-portada","13":"tag-ubilla"},"_links":{"self":[{"href":"https:\/\/www.rincondelbulla.cl\/portal\/wp-json\/wp\/v2\/posts\/11500","targetHints":{"allow":["GET"]}}],"collection":[{"href":"https:\/\/www.rincondelbulla.cl\/portal\/wp-json\/wp\/v2\/posts"}],"about":[{"href":"https:\/\/www.rincondelbulla.cl\/portal\/wp-json\/wp\/v2\/types\/post"}],"author":[{"embeddable":true,"href":"https:\/\/www.rincondelbulla.cl\/portal\/wp-json\/wp\/v2\/users\/21383"}],"replies":[{"embeddable":true,"href":"https:\/\/www.rincondelbulla.cl\/portal\/wp-json\/wp\/v2\/comments?post=11500"}],"version-history":[{"count":1,"href":"https:\/\/www.rincondelbulla.cl\/portal\/wp-json\/wp\/v2\/posts\/11500\/revisions"}],"predecessor-version":[{"id":11502,"href":"https:\/\/www.rincondelbulla.cl\/portal\/wp-json\/wp\/v2\/posts\/11500\/revisions\/11502"}],"wp:featuredmedia":[{"embeddable":true,"href":"https:\/\/www.rincondelbulla.cl\/portal\/wp-json\/wp\/v2\/media\/11501"}],"wp:attachment":[{"href":"https:\/\/www.rincondelbulla.cl\/portal\/wp-json\/wp\/v2\/media?parent=11500"}],"wp:term":[{"taxonomy":"category","embeddable":true,"href":"https:\/\/www.rincondelbulla.cl\/portal\/wp-json\/wp\/v2\/categories?post=11500"},{"taxonomy":"post_tag","embeddable":true,"href":"https:\/\/www.rincondelbulla.cl\/portal\/wp-json\/wp\/v2\/tags?post=11500"}],"curies":[{"name":"wp","href":"https:\/\/api.w.org\/{rel}","templated":true}]}}