{"id":11503,"date":"2017-05-02T08:53:16","date_gmt":"2017-05-02T12:53:16","guid":{"rendered":"http:\/\/www.rincondelbulla.cl\/portal\/?p=11503"},"modified":"2017-05-02T08:53:16","modified_gmt":"2017-05-02T12:53:16","slug":"la-u-sumaria-importante-baja-ante-cobresal","status":"publish","type":"post","link":"https:\/\/www.rincondelbulla.cl\/portal\/2017\/05\/02\/la-u-sumaria-importante-baja-ante-cobresal\/","title":{"rendered":"La \u201cU\u201d sumar\u00eda importante baja ante Cobresal"},"content":{"rendered":"<figure id=\"attachment_11504\" aria-describedby=\"caption-attachment-11504\" style=\"width: 900px\" class=\"wp-caption alignnone\"><img loading=\"lazy\" decoding=\"async\" class=\"size-full wp-image-11504\" src=\"http:\/\/www.rincondelbulla.cl\/portal\/wp-content\/uploads\/2017\/05\/Johnny-Herrera.jpg\" alt=\"\" width=\"900\" height=\"600\" srcset=\"https:\/\/www.rincondelbulla.cl\/portal\/wp-content\/uploads\/2017\/05\/Johnny-Herrera.jpg 900w, https:\/\/www.rincondelbulla.cl\/portal\/wp-content\/uploads\/2017\/05\/Johnny-Herrera-300x200.jpg 300w, https:\/\/www.rincondelbulla.cl\/portal\/wp-content\/uploads\/2017\/05\/Johnny-Herrera-768x512.jpg 768w, https:\/\/www.rincondelbulla.cl\/portal\/wp-content\/uploads\/2017\/05\/Johnny-Herrera-696x464.jpg 696w, https:\/\/www.rincondelbulla.cl\/portal\/wp-content\/uploads\/2017\/05\/Johnny-Herrera-630x420.jpg 630w\" sizes=\"auto, (max-width: 900px) 100vw, 900px\" \/><figcaption id=\"caption-attachment-11504\" class=\"wp-caption-text\">Foto: Photosport<\/figcaption><\/figure>\n<p><strong>El cuerpo t\u00e9cnico estar\u00e1 a la espera de los resultados de los ex\u00e1menes m\u00e9dicos para saber si podr\u00e1n contar este viernes con el referente del equipo.<\/strong><!--more--><\/p>\n<p>Un esguince en su tobillo derecho podr\u00eda dejar fuera del partido ante los mineros a Johnny Herrera, este viernes desde las 20:30 hrs., en el Estadio Nacional. Este martes el capit\u00e1n se someter\u00e1 \u00a0a los chequeos necesarios para ver la cuant\u00eda de su lesi\u00f3n.<\/p>\n<p>Seg\u00fan informa Diario El Mercurio, una fuente al interior del club asegur\u00f3 que Herrera<strong> \u00abtiene una lesi\u00f3n en el tobillo derecho, es un esguince y ma\u00f1ana (este martes) se ver\u00e1 la cuant\u00eda con los ex\u00e1menes. Johnny habla de un planchazo de Parot, porque nunca ve que viene desde atr\u00e1s para obstruirlo. La realidad es que le interpone delante y con la velocidad que va a despejar, al rozar la rodilla izquierda del rival, de desestabiliza y sufre una palanca en el pie derecho\u00bb.<\/strong><\/p>\n<p>De los resultados depender\u00e1 su inclusi\u00f3n ante Cobresal, aunque desde el cuerpo t\u00e9cnico aseguran que no lo arriesgaran de no estar al cien por ciento, por lo que Fernando de Paul podr\u00eda ver la titularidad.<\/p>\n<p>Para este martes adem\u00e1s se esperan los resultados de ex\u00e1menes a Gustavo Lorenzetti, uno de los dos lesionados en el primer tiempo del Cl\u00e1sico Universitario.<\/p>\n","protected":false},"excerpt":{"rendered":"<p>El cuerpo t\u00e9cnico estar\u00e1 a la espera de los resultados de los ex\u00e1menes m\u00e9dicos para saber si podr\u00e1n contar este viernes con el referente del equipo.<\/p>\n","protected":false},"author":21382,"featured_media":11504,"comment_status":"closed","ping_status":"open","sticky":false,"template":"","format":"standard","meta":{"footnotes":""},"categories":[18],"tags":[454,341,381,855,78,41,157,1005,294,156],"class_list":{"0":"post-11503","1":"post","2":"type-post","3":"status-publish","4":"format-standard","5":"has-post-thumbnail","7":"category-actualidad","8":"tag-actualidad","9":"tag-cobresal","10":"tag-diario-el-mercurio","11":"tag-fernando-de-paul","12":"tag-gustavo-lorenzetti","13":"tag-johnny-herrera","14":"tag-portada","15":"tag-torneo-clausura-2016-2017","16":"tag-u-de-chile","17":"tag-universidad-de-chile"},"_links":{"self":[{"href":"https:\/\/www.rincondelbulla.cl\/portal\/wp-json\/wp\/v2\/posts\/11503","targetHints":{"allow":["GET"]}}],"collection":[{"href":"https:\/\/www.rincondelbulla.cl\/portal\/wp-json\/wp\/v2\/posts"}],"about":[{"href":"https:\/\/www.rincondelbulla.cl\/portal\/wp-json\/wp\/v2\/types\/post"}],"author":[{"embeddable":true,"href":"https:\/\/www.rincondelbulla.cl\/portal\/wp-json\/wp\/v2\/users\/21382"}],"replies":[{"embeddable":true,"href":"https:\/\/www.rincondelbulla.cl\/portal\/wp-json\/wp\/v2\/comments?post=11503"}],"version-history":[{"count":2,"href":"https:\/\/www.rincondelbulla.cl\/portal\/wp-json\/wp\/v2\/posts\/11503\/revisions"}],"predecessor-version":[{"id":11506,"href":"https:\/\/www.rincondelbulla.cl\/portal\/wp-json\/wp\/v2\/posts\/11503\/revisions\/11506"}],"wp:featuredmedia":[{"embeddable":true,"href":"https:\/\/www.rincondelbulla.cl\/portal\/wp-json\/wp\/v2\/media\/11504"}],"wp:attachment":[{"href":"https:\/\/www.rincondelbulla.cl\/portal\/wp-json\/wp\/v2\/media?parent=11503"}],"wp:term":[{"taxonomy":"category","embeddable":true,"href":"https:\/\/www.rincondelbulla.cl\/portal\/wp-json\/wp\/v2\/categories?post=11503"},{"taxonomy":"post_tag","embeddable":true,"href":"https:\/\/www.rincondelbulla.cl\/portal\/wp-json\/wp\/v2\/tags?post=11503"}],"curies":[{"name":"wp","href":"https:\/\/api.w.org\/{rel}","templated":true}]}}