{"id":11537,"date":"2017-05-08T08:47:25","date_gmt":"2017-05-08T12:47:25","guid":{"rendered":"http:\/\/www.rincondelbulla.cl\/portal\/?p=11537"},"modified":"2017-05-08T08:47:25","modified_gmt":"2017-05-08T12:47:25","slug":"siguen-las-buenas-zacaria-podria-jugar-ante-corinthians","status":"publish","type":"post","link":"https:\/\/www.rincondelbulla.cl\/portal\/2017\/05\/08\/siguen-las-buenas-zacaria-podria-jugar-ante-corinthians\/","title":{"rendered":"Siguen las buenas: Zacar\u00eda podr\u00eda jugar ante Corinthians"},"content":{"rendered":"<figure id=\"attachment_10785\" aria-describedby=\"caption-attachment-10785\" style=\"width: 785px\" class=\"wp-caption alignnone\"><img loading=\"lazy\" decoding=\"async\" class=\"size-full wp-image-10785\" src=\"http:\/\/www.rincondelbulla.cl\/portal\/wp-content\/uploads\/2016\/11\/CxqSEdYUAAArnPI.jpg\" alt=\"\" width=\"785\" height=\"400\" srcset=\"https:\/\/www.rincondelbulla.cl\/portal\/wp-content\/uploads\/2016\/11\/CxqSEdYUAAArnPI.jpg 785w, https:\/\/www.rincondelbulla.cl\/portal\/wp-content\/uploads\/2016\/11\/CxqSEdYUAAArnPI-300x153.jpg 300w, https:\/\/www.rincondelbulla.cl\/portal\/wp-content\/uploads\/2016\/11\/CxqSEdYUAAArnPI-768x391.jpg 768w, https:\/\/www.rincondelbulla.cl\/portal\/wp-content\/uploads\/2016\/11\/CxqSEdYUAAArnPI-696x355.jpg 696w\" sizes=\"auto, (max-width: 785px) 100vw, 785px\" \/><figcaption id=\"caption-attachment-10785\" class=\"wp-caption-text\">Foto: CDF.cl<\/figcaption><\/figure>\n<p class=\"selectionshareable\" style=\"margin: 0cm;margin-bottom: .0001pt;line-height: 15.0pt\"><strong><span style=\"font-family: Arial, sans-serif;color: #2f2f2f\">Tras estar fuera de las canchas por casi cinco meses, el jugador volver\u00eda a la citaci\u00f3n para el partido de este mi\u00e9rcoles por Copa Conmebol Sudamericana.<\/span><\/strong><!--more--><\/p>\n<p>El t\u00e9cnico Guillermo Hoyos habr\u00eda decidido incluir a Jonathan Zacar\u00eda en el listado de convocados para enfrentar a Corinthians este mi\u00e9rcoles en el Estadio Nacional.<\/p>\n<p>Zacar\u00eda, quien sufri\u00f3 una fractura de tibia y peron\u00e9 hace unos cinco meses en Temuco, lleva algunas semanas trabajando trabajo f\u00edsico a la par con sus compa\u00f1eros, lo que motivar\u00eda al DT azul a incluirlo entre sus alternativas.<\/p>\n<p><strong>\u201cLa verdad es que agradecerles por el apoyo que me brindaron siempre y cuando vuelva tratar\u00e9 de dar lo mejor por el equipo\u201d<\/strong>,\u00a0dijo el propio jugador a El Gr\u00e1fico Chile, para agradecer el apoyo de la hinchada durante toda su recuperaci\u00f3n.<\/p>\n<p>Universidad de Chile enfrentar\u00e1 este mi\u00e9rcoles 10 de mayo, desde las 21:45 hrs., en el Estadio Nacional al Corinthians por Copa Conmebol Sudamericana.<\/p>\n","protected":false},"excerpt":{"rendered":"<p>Tras estar fuera de las canchas por casi cinco meses, el jugador volver\u00eda a la citaci\u00f3n para el partido de este mi\u00e9rcoles por Copa Conmebol Sudamericana.<\/p>\n","protected":false},"author":21382,"featured_media":10790,"comment_status":"closed","ping_status":"open","sticky":false,"template":"","format":"standard","meta":{"footnotes":""},"categories":[18],"tags":[454,1076,1044,966,1006,987,157,294,156],"class_list":{"0":"post-11537","1":"post","2":"type-post","3":"status-publish","4":"format-standard","5":"has-post-thumbnail","7":"category-actualidad","8":"tag-actualidad","9":"tag-copa-conmebol-sudamericana","10":"tag-corinthians","11":"tag-el-grafico-chile","12":"tag-guillermo-hoyos","13":"tag-jonathan-zacaria","14":"tag-portada","15":"tag-u-de-chile","16":"tag-universidad-de-chile"},"_links":{"self":[{"href":"https:\/\/www.rincondelbulla.cl\/portal\/wp-json\/wp\/v2\/posts\/11537","targetHints":{"allow":["GET"]}}],"collection":[{"href":"https:\/\/www.rincondelbulla.cl\/portal\/wp-json\/wp\/v2\/posts"}],"about":[{"href":"https:\/\/www.rincondelbulla.cl\/portal\/wp-json\/wp\/v2\/types\/post"}],"author":[{"embeddable":true,"href":"https:\/\/www.rincondelbulla.cl\/portal\/wp-json\/wp\/v2\/users\/21382"}],"replies":[{"embeddable":true,"href":"https:\/\/www.rincondelbulla.cl\/portal\/wp-json\/wp\/v2\/comments?post=11537"}],"version-history":[{"count":1,"href":"https:\/\/www.rincondelbulla.cl\/portal\/wp-json\/wp\/v2\/posts\/11537\/revisions"}],"predecessor-version":[{"id":11538,"href":"https:\/\/www.rincondelbulla.cl\/portal\/wp-json\/wp\/v2\/posts\/11537\/revisions\/11538"}],"wp:featuredmedia":[{"embeddable":true,"href":"https:\/\/www.rincondelbulla.cl\/portal\/wp-json\/wp\/v2\/media\/10790"}],"wp:attachment":[{"href":"https:\/\/www.rincondelbulla.cl\/portal\/wp-json\/wp\/v2\/media?parent=11537"}],"wp:term":[{"taxonomy":"category","embeddable":true,"href":"https:\/\/www.rincondelbulla.cl\/portal\/wp-json\/wp\/v2\/categories?post=11537"},{"taxonomy":"post_tag","embeddable":true,"href":"https:\/\/www.rincondelbulla.cl\/portal\/wp-json\/wp\/v2\/tags?post=11537"}],"curies":[{"name":"wp","href":"https:\/\/api.w.org\/{rel}","templated":true}]}}