{"id":11888,"date":"2017-07-28T10:02:03","date_gmt":"2017-07-28T14:02:03","guid":{"rendered":"http:\/\/www.rincondelbulla.cl\/portal\/?p=11888"},"modified":"2017-07-28T23:13:05","modified_gmt":"2017-07-29T03:13:05","slug":"de-lo-humo-y-lo-divino-marcelo-diaz-se-sincero-en-el-cubo","status":"publish","type":"post","link":"https:\/\/www.rincondelbulla.cl\/portal\/2017\/07\/28\/de-lo-humo-y-lo-divino-marcelo-diaz-se-sincero-en-el-cubo\/","title":{"rendered":"De lo humano y lo divino: Marcelo D\u00edaz se sincer\u00f3 en El Cubo"},"content":{"rendered":"<figure id=\"attachment_11889\" aria-describedby=\"caption-attachment-11889\" style=\"width: 701px\" class=\"wp-caption alignleft\"><img loading=\"lazy\" decoding=\"async\" class=\" wp-image-11889\" src=\"http:\/\/www.rincondelbulla.cl\/portal\/wp-content\/uploads\/2017\/07\/Marcelo-D\u00edaz-en-el-Cubo-300x170.jpg\" alt=\"\" width=\"701\" height=\"397\" srcset=\"https:\/\/www.rincondelbulla.cl\/portal\/wp-content\/uploads\/2017\/07\/Marcelo-D\u00edaz-en-el-Cubo-300x170.jpg 300w, https:\/\/www.rincondelbulla.cl\/portal\/wp-content\/uploads\/2017\/07\/Marcelo-D\u00edaz-en-el-Cubo-768x436.jpg 768w, https:\/\/www.rincondelbulla.cl\/portal\/wp-content\/uploads\/2017\/07\/Marcelo-D\u00edaz-en-el-Cubo-1200x681.jpg 1200w, https:\/\/www.rincondelbulla.cl\/portal\/wp-content\/uploads\/2017\/07\/Marcelo-D\u00edaz-en-el-Cubo-696x395.jpg 696w, https:\/\/www.rincondelbulla.cl\/portal\/wp-content\/uploads\/2017\/07\/Marcelo-D\u00edaz-en-el-Cubo-1068x606.jpg 1068w, https:\/\/www.rincondelbulla.cl\/portal\/wp-content\/uploads\/2017\/07\/Marcelo-D\u00edaz-en-el-Cubo-740x420.jpg 740w, https:\/\/www.rincondelbulla.cl\/portal\/wp-content\/uploads\/2017\/07\/Marcelo-D\u00edaz-en-el-Cubo.jpg 1233w\" sizes=\"auto, (max-width: 701px) 100vw, 701px\" \/><figcaption id=\"caption-attachment-11889\" class=\"wp-caption-text\">Fotograf\u00eda: Chilevisi\u00f3n<\/figcaption><\/figure>\n<p><strong>Marcelo D\u00edaz particip\u00f3 del primer cap\u00edtulo del Cubo, donde habl\u00f3 de muchas cosas cargadas especialmente a la emotividad.<\/strong><\/p>\n<p>Anoche Chilevisi\u00f3n estren\u00f3 una nueva temporada de El Cubo y fue primer invitado fue Marcelo \u00abCarepato\u00bb D\u00edaz.<\/p>\n<p>La conversaci\u00f3n en los primeros minutos estuvo cargada a la emotividad, al error cometido en la final de Copa Confederaciones y especialmente la muerte de su hermano.<\/p>\n<p>Respecto a Universidad de Chile y al amor que le tiene al cuadro m\u00e1gico, Carepato dijo que: \u00abHay unas fotos de cuando ten\u00eda unos 7 a\u00f1os, ya vest\u00eda los colores de la U, y creo que desde mucho antes soy hincha, mi viejo me llevaba al estadio, compart\u00edamos el mismo gusto\u00bb.<\/p>\n<p>El matador Salas, es una figura muy importante para D\u00edaz: \u00abTodav\u00eda sigue siendo mi \u00eddolo, para mi era estar en la luna, estaba conociendo a un referente del f\u00fatbol, por quien grite muchos goles, y tenerlo de compa\u00f1ero era un sue\u00f1o hecho realidad. Fue una sorpresa por c\u00f3mo \u00e9l se presenta, yo me lo encuentro en el camar\u00edn, me saluda de la mano y me dice &#8212;Hola, mucho gusto, soy Marcelo Salas-, yo ah\u00ed pensaba que no ten\u00eda ni que presentarse, sino que uno, eso refleja su humanidad y lo que el significa\u00bb.<\/p>\n<p>Acerca de su futuro, agreg\u00f3: \u00abConf\u00edo que vendr\u00e1 algo bueno, y para lo que estar\u00e9 preparado y dejar\u00e9 mi vida. Ya estoy en una edad que disfruto el f\u00fatbol como no lo hac\u00eda antes, en el equipo que venga poder seguir creciendo y realizarme como persona y futbolista\u00bb.<\/p>\n<p>Finalmente, Marcelo dijo algo que muchos deducimos de \u00e9l por su personalidad:\u00a0\u00abMe gustar\u00eda entrar a la Universidad una vez que termine mi carrera de futbolista.\u00a0Me gusta el periodismo, no s\u00e9 como me ir\u00e1, pero me gustar\u00eda tener un programa de televisi\u00f3n,\u00a0me gusta la radio tambi\u00e9n y quiero seguir consiguiendo mis metas y primer quiero seguir consiguiendo lo que me proponga como futbolista\u00bb.<\/p>\n","protected":false},"excerpt":{"rendered":"<p>Marcelo D\u00edaz particip\u00f3 del primer cap\u00edtulo del Cubo, donde habl\u00f3 de muchas cosas cargadas especialmente a la emotividad. Anoche Chilevisi\u00f3n estren\u00f3 una nueva temporada de El Cubo y fue primer invitado fue Marcelo \u00abCarepato\u00bb D\u00edaz. La conversaci\u00f3n en los primeros minutos estuvo cargada a la emotividad, al error cometido en la final de Copa Confederaciones [&#8230;]<\/p>\n","protected":false},"author":21395,"featured_media":11889,"comment_status":"closed","ping_status":"open","sticky":false,"template":"","format":"standard","meta":{"footnotes":""},"categories":[18],"tags":[1136,1137,1116,1135,58,156],"class_list":{"0":"post-11888","1":"post","2":"type-post","3":"status-publish","4":"format-standard","5":"has-post-thumbnail","7":"category-actualidad","8":"tag-chilevision","9":"tag-chv","10":"tag-cuadro-magico","11":"tag-el-cubo","12":"tag-marcelo-diaz","13":"tag-universidad-de-chile"},"_links":{"self":[{"href":"https:\/\/www.rincondelbulla.cl\/portal\/wp-json\/wp\/v2\/posts\/11888","targetHints":{"allow":["GET"]}}],"collection":[{"href":"https:\/\/www.rincondelbulla.cl\/portal\/wp-json\/wp\/v2\/posts"}],"about":[{"href":"https:\/\/www.rincondelbulla.cl\/portal\/wp-json\/wp\/v2\/types\/post"}],"author":[{"embeddable":true,"href":"https:\/\/www.rincondelbulla.cl\/portal\/wp-json\/wp\/v2\/users\/21395"}],"replies":[{"embeddable":true,"href":"https:\/\/www.rincondelbulla.cl\/portal\/wp-json\/wp\/v2\/comments?post=11888"}],"version-history":[{"count":2,"href":"https:\/\/www.rincondelbulla.cl\/portal\/wp-json\/wp\/v2\/posts\/11888\/revisions"}],"predecessor-version":[{"id":11898,"href":"https:\/\/www.rincondelbulla.cl\/portal\/wp-json\/wp\/v2\/posts\/11888\/revisions\/11898"}],"wp:featuredmedia":[{"embeddable":true,"href":"https:\/\/www.rincondelbulla.cl\/portal\/wp-json\/wp\/v2\/media\/11889"}],"wp:attachment":[{"href":"https:\/\/www.rincondelbulla.cl\/portal\/wp-json\/wp\/v2\/media?parent=11888"}],"wp:term":[{"taxonomy":"category","embeddable":true,"href":"https:\/\/www.rincondelbulla.cl\/portal\/wp-json\/wp\/v2\/categories?post=11888"},{"taxonomy":"post_tag","embeddable":true,"href":"https:\/\/www.rincondelbulla.cl\/portal\/wp-json\/wp\/v2\/tags?post=11888"}],"curies":[{"name":"wp","href":"https:\/\/api.w.org\/{rel}","templated":true}]}}