{"id":11891,"date":"2017-07-28T10:31:27","date_gmt":"2017-07-28T14:31:27","guid":{"rendered":"http:\/\/www.rincondelbulla.cl\/portal\/?p=11891"},"modified":"2017-07-28T10:32:41","modified_gmt":"2017-07-28T14:32:41","slug":"jose-rojas-me-gustaria-retirarme-en-la-u","status":"publish","type":"post","link":"https:\/\/www.rincondelbulla.cl\/portal\/2017\/07\/28\/jose-rojas-me-gustaria-retirarme-en-la-u\/","title":{"rendered":"Jos\u00e9 Rojas: \u201cMe gustar\u00eda retirarme en la U\u00bb"},"content":{"rendered":"<figure id=\"attachment_7951\" aria-describedby=\"caption-attachment-7951\" style=\"width: 2048px\" class=\"wp-caption alignleft\"><img loading=\"lazy\" decoding=\"async\" class=\"size-full wp-image-7951\" src=\"http:\/\/www.rincondelbulla.cl\/portal\/wp-content\/uploads\/2015\/12\/Pepe-Rojas.jpg\" alt=\"\" width=\"2048\" height=\"1365\" srcset=\"https:\/\/www.rincondelbulla.cl\/portal\/wp-content\/uploads\/2015\/12\/Pepe-Rojas.jpg 2048w, https:\/\/www.rincondelbulla.cl\/portal\/wp-content\/uploads\/2015\/12\/Pepe-Rojas-300x200.jpg 300w, https:\/\/www.rincondelbulla.cl\/portal\/wp-content\/uploads\/2015\/12\/Pepe-Rojas-768x512.jpg 768w, https:\/\/www.rincondelbulla.cl\/portal\/wp-content\/uploads\/2015\/12\/Pepe-Rojas-1200x800.jpg 1200w, https:\/\/www.rincondelbulla.cl\/portal\/wp-content\/uploads\/2015\/12\/Pepe-Rojas-696x464.jpg 696w, https:\/\/www.rincondelbulla.cl\/portal\/wp-content\/uploads\/2015\/12\/Pepe-Rojas-1068x712.jpg 1068w, https:\/\/www.rincondelbulla.cl\/portal\/wp-content\/uploads\/2015\/12\/Pepe-Rojas-630x420.jpg 630w\" sizes=\"auto, (max-width: 2048px) 100vw, 2048px\" \/><figcaption id=\"caption-attachment-7951\" class=\"wp-caption-text\">Tras doce a\u00f1os en al instituci\u00f3n, se despidi\u00f3 como capit\u00e1n y con diez t\u00edtulos en sus palmares. Foto: Claudio C\u00e1ceres.<\/figcaption><\/figure>\n<p><strong>Jos\u00e9 Rojas habla de lo que fue su paso por la U pero cree que no est\u00e1 todo dicho en el cuadro m\u00e1gico.<\/strong><\/p>\n<p>Esta semana la sopresa la dio San Luis de Quillota, Jos\u00e9 \u00abPepe\u00bb Rojas, campe\u00f3n de la Sudamericana y otros t\u00edtulos azules, hab\u00eda fichado en San Luis de Quillota.<\/p>\n<p>La pregunta que algunos se hac\u00edan es \u00bfPor qu\u00e9 en Quillota y no en Santiago en el club de sus amores?, respuesta que entreg\u00f3 a <a href=\"http:\/\/www.latercera.com\/noticia\/jose-rojas-las-puertas-la-u-estan-cerradas\/\">La Tercera<\/a> en una entrevista.<\/p>\n<p>\u00abMe preguntan por qu\u00e9 no volv\u00ed a la U, pero esa es decisi\u00f3n de los dirigentes. En esta pasada no hubo llamado ni nada. Hay que respetar a los que est\u00e1n comandando al club\u201d.<\/p>\n<p>Tambi\u00e9n Pepe record\u00f3 sus \u00faltimos d\u00edas en la U, cuando lleg\u00f3 Beccacece y comenz\u00f3 con una gran poda de jugadores, lo que llev\u00f3 a que fueran d\u00edas bien tensos en el Rom\u00e1ntico Viajero.<\/p>\n<p>\u201cNo s\u00e9 por qu\u00e9 sal\u00ed. Ser\u00eda calentarse un poco la cabeza seguir pensando por qu\u00e9 sal\u00ed en ese momento. Nadie me dijo la verdad. Quiz\u00e1s me debieron decir eres malo, no te queremos m\u00e1s ac\u00e1. No s\u00e9. O ya no nos sirves, pero nunca fueron claros de ninguna parte. De ese cuerpo t\u00e9cnico (Sebasti\u00e1n Beccacece), como tambi\u00e9n de la dirigencia, nunca me dijeron la verdad\u201d.<\/p>\n<p>Otro de los cap\u00edtulos del \u00faltimo tiempo, fue cuando a comienzos de a\u00f1o, hubo dimes y diretes entre \u00e9l y Carlos Heller, presidente de Azul Azul, lo que llev\u00f3 a que el excapit\u00e1n, publicara algunas conversaciones en redes sociales.<\/p>\n<p>Creo que hubo mal manejo de ambas partes. No volvimos a conversar despu\u00e9s de eso. No soy rencoroso y si hay que asumir errores, los asumir\u00eda. Creo que las dos partes nos equivocamos. Por ahora, creo que las puertas est\u00e1n cerradas para m\u00ed\u201d.<\/p>\n<p>Pero m\u00e1s all\u00e1 de todo, Rojas, reconoce el cari\u00f1o que le tiene gran parte de la fanaticada azul y adem\u00e1s admite que le gustar\u00eda terminar su carrera en la U:\u00a0\u201cMe gustar\u00eda retirarme en la U. Es mi sue\u00f1o volver a estar con la gente que me brinda todo el cari\u00f1o en redes sociales y en la calle. Siempre me han demostrado mucho cari\u00f1o y respeto. Lo casual es que no s\u00f3lo es gente de la U, tambi\u00e9n de otros equipos.\u00a0Se extra\u00f1a (La U), te mentir\u00eda si te digo lo contrario\u201d.<\/p>\n<p>&nbsp;<\/p>\n","protected":false},"excerpt":{"rendered":"<p>Jos\u00e9 Rojas habla de lo que fue su paso por la U pero cree que no est\u00e1 todo dicho en el cuadro m\u00e1gico. Esta semana la sopresa la dio San Luis de Quillota, Jos\u00e9 \u00abPepe\u00bb Rojas, campe\u00f3n de la Sudamericana y otros t\u00edtulos azules, hab\u00eda fichado en San Luis de Quillota. La pregunta que algunos [&#8230;]<\/p>\n","protected":false},"author":21395,"featured_media":7951,"comment_status":"closed","ping_status":"open","sticky":false,"template":"","format":"standard","meta":{"footnotes":""},"categories":[18],"tags":[1116,51,200,156],"class_list":{"0":"post-11891","1":"post","2":"type-post","3":"status-publish","4":"format-standard","5":"has-post-thumbnail","7":"category-actualidad","8":"tag-cuadro-magico","9":"tag-jose-rojas","10":"tag-pepe-rojas","11":"tag-universidad-de-chile"},"_links":{"self":[{"href":"https:\/\/www.rincondelbulla.cl\/portal\/wp-json\/wp\/v2\/posts\/11891","targetHints":{"allow":["GET"]}}],"collection":[{"href":"https:\/\/www.rincondelbulla.cl\/portal\/wp-json\/wp\/v2\/posts"}],"about":[{"href":"https:\/\/www.rincondelbulla.cl\/portal\/wp-json\/wp\/v2\/types\/post"}],"author":[{"embeddable":true,"href":"https:\/\/www.rincondelbulla.cl\/portal\/wp-json\/wp\/v2\/users\/21395"}],"replies":[{"embeddable":true,"href":"https:\/\/www.rincondelbulla.cl\/portal\/wp-json\/wp\/v2\/comments?post=11891"}],"version-history":[{"count":3,"href":"https:\/\/www.rincondelbulla.cl\/portal\/wp-json\/wp\/v2\/posts\/11891\/revisions"}],"predecessor-version":[{"id":11894,"href":"https:\/\/www.rincondelbulla.cl\/portal\/wp-json\/wp\/v2\/posts\/11891\/revisions\/11894"}],"wp:featuredmedia":[{"embeddable":true,"href":"https:\/\/www.rincondelbulla.cl\/portal\/wp-json\/wp\/v2\/media\/7951"}],"wp:attachment":[{"href":"https:\/\/www.rincondelbulla.cl\/portal\/wp-json\/wp\/v2\/media?parent=11891"}],"wp:term":[{"taxonomy":"category","embeddable":true,"href":"https:\/\/www.rincondelbulla.cl\/portal\/wp-json\/wp\/v2\/categories?post=11891"},{"taxonomy":"post_tag","embeddable":true,"href":"https:\/\/www.rincondelbulla.cl\/portal\/wp-json\/wp\/v2\/tags?post=11891"}],"curies":[{"name":"wp","href":"https:\/\/api.w.org\/{rel}","templated":true}]}}