{"id":11918,"date":"2017-07-29T19:56:25","date_gmt":"2017-07-29T23:56:25","guid":{"rendered":"http:\/\/www.rincondelbulla.cl\/portal\/?p=11918"},"modified":"2017-07-29T19:57:38","modified_gmt":"2017-07-29T23:57:38","slug":"hoyos-se-fue-contento-tras-el-dificil-partido","status":"publish","type":"post","link":"https:\/\/www.rincondelbulla.cl\/portal\/2017\/07\/29\/hoyos-se-fue-contento-tras-el-dificil-partido\/","title":{"rendered":"Hoyos se fue contento tras el dif\u00edcil partido"},"content":{"rendered":"<figure id=\"attachment_11919\" aria-describedby=\"caption-attachment-11919\" style=\"width: 1280px\" class=\"wp-caption aligncenter\"><img loading=\"lazy\" decoding=\"async\" class=\"size-full wp-image-11919\" src=\"http:\/\/www.rincondelbulla.cl\/portal\/wp-content\/uploads\/2017\/07\/Conferencia-Hoyos-Post-Curico.jpg\" alt=\"\" width=\"1280\" height=\"853\" srcset=\"https:\/\/www.rincondelbulla.cl\/portal\/wp-content\/uploads\/2017\/07\/Conferencia-Hoyos-Post-Curico.jpg 1280w, https:\/\/www.rincondelbulla.cl\/portal\/wp-content\/uploads\/2017\/07\/Conferencia-Hoyos-Post-Curico-300x200.jpg 300w, https:\/\/www.rincondelbulla.cl\/portal\/wp-content\/uploads\/2017\/07\/Conferencia-Hoyos-Post-Curico-768x512.jpg 768w, https:\/\/www.rincondelbulla.cl\/portal\/wp-content\/uploads\/2017\/07\/Conferencia-Hoyos-Post-Curico-1200x800.jpg 1200w, https:\/\/www.rincondelbulla.cl\/portal\/wp-content\/uploads\/2017\/07\/Conferencia-Hoyos-Post-Curico-696x464.jpg 696w, https:\/\/www.rincondelbulla.cl\/portal\/wp-content\/uploads\/2017\/07\/Conferencia-Hoyos-Post-Curico-1068x712.jpg 1068w, https:\/\/www.rincondelbulla.cl\/portal\/wp-content\/uploads\/2017\/07\/Conferencia-Hoyos-Post-Curico-630x420.jpg 630w\" sizes=\"auto, (max-width: 1280px) 100vw, 1280px\" \/><figcaption id=\"caption-attachment-11919\" class=\"wp-caption-text\">Fotograf\u00eda: Claudio C\u00e1ceres<\/figcaption><\/figure>\n<p><strong>Guillermo Hoyos, exterioriz\u00f3 su satisfacci\u00f3n por la victoria con lo justo sobre Curic\u00f3 Unido y afirm\u00f3 que \u201cfuimos merecedores del triunfo\u201d.\u00a0<\/strong><\/p>\n<p>Pese a la victoria conseguida en el Estadio La Granja, el cuadro m\u00e1gico estuvo lejos de hacer un buen partido. El elenco colegial sufri\u00f3 constantemente con la asfixiante presi\u00f3n del \u00faltimo monarca de la Primera B, que present\u00f3 las mejores ocasiones.<\/p>\n<p>A la hora del an\u00e1lisis, el estratego declar\u00f3 que \u00abfue un partido complicado, de primera jornada, donde hay una tensi\u00f3n importante. Nos toc\u00f3 un campo dif\u00edcil y ante un equipo muy intenso. Nos acomodamos al inicio, pero despu\u00e9s la expulsi\u00f3n de Mati nos movi\u00f3. Despu\u00e9s la salida de Yerko nos afect\u00f3. En poco minuto pasaron cosas. No va a ser f\u00e1cil sacar resultados ac\u00e1\u00bb, expres\u00f3.<\/p>\n<p>\u201cEn el segundo tiempo el equipo encontr\u00f3 su juego. Despu\u00e9s perdimos el bal\u00f3n, pero igual considero que fuimos merecedores del triunfo\u201d, a\u00f1adi\u00f3.<\/p>\n<p>En cuanto al juego desplegado por el rival, el otrora seleccionador de Bolivia indic\u00f3 que \u201ces un equipo al que hab\u00edamos visto. Tiene un t\u00e9cnico (Luis Marcoleta) muy capaz. Fuimos dominadores en el segundo y buscamos ganar el partido. Introducirse en un torneo es dif\u00edcil. Hay que seguir creciendo y buscar los objetivos\u201d.<\/p>\n<p>Respecto al gol del \u2018Fantasista\u2019, su primera diana en casi cuatro a\u00f1os, Hoyos se\u00f1al\u00f3 que \u201clo de David fue espectacular. Es un jugador extraordinario. Es de los jugadores que seduce. Tengo la bendici\u00f3n de entrenarlo. Hay jugadores de gran categor\u00eda en el plantel. Y as\u00ed pudimos sacar un resultado importante\u201d.<\/p>\n<p>El t\u00e9cnico azul evit\u00f3 hablar del arbitraje de Eduardo Gamboa, quien no estuvo exento de pol\u00e9mica en algunos cobros, pero s\u00ed se dio tiempo para lamentar la expulsi\u00f3n de Mat\u00edas Rodr\u00edguez. \u201c\u2019Mati\u2019 es un jugador importante. Fue una situaci\u00f3n muy pronta en el partido. Movimos a Rafa (Rafael Caroca) ah\u00ed y se fue adaptando durante el partido. Veremos c\u00f3mo reemplazarlo en el puesto\u201d, sentenci\u00f3.<\/p>\n","protected":false},"excerpt":{"rendered":"<p>Guillermo Hoyos, exterioriz\u00f3 su satisfacci\u00f3n por la victoria con lo justo sobre Curic\u00f3 Unido y afirm\u00f3 que \u201cfuimos merecedores del triunfo\u201d.\u00a0 Pese a la victoria conseguida en el Estadio La Granja, el cuadro m\u00e1gico estuvo lejos de hacer un buen partido. El elenco colegial sufri\u00f3 constantemente con la asfixiante presi\u00f3n del \u00faltimo monarca de la [&#8230;]<\/p>\n","protected":false},"author":21395,"featured_media":11919,"comment_status":"closed","ping_status":"open","sticky":false,"template":"","format":"standard","meta":{"footnotes":""},"categories":[18],"tags":[1116,1006,156],"class_list":{"0":"post-11918","1":"post","2":"type-post","3":"status-publish","4":"format-standard","5":"has-post-thumbnail","7":"category-actualidad","8":"tag-cuadro-magico","9":"tag-guillermo-hoyos","10":"tag-universidad-de-chile"},"_links":{"self":[{"href":"https:\/\/www.rincondelbulla.cl\/portal\/wp-json\/wp\/v2\/posts\/11918","targetHints":{"allow":["GET"]}}],"collection":[{"href":"https:\/\/www.rincondelbulla.cl\/portal\/wp-json\/wp\/v2\/posts"}],"about":[{"href":"https:\/\/www.rincondelbulla.cl\/portal\/wp-json\/wp\/v2\/types\/post"}],"author":[{"embeddable":true,"href":"https:\/\/www.rincondelbulla.cl\/portal\/wp-json\/wp\/v2\/users\/21395"}],"replies":[{"embeddable":true,"href":"https:\/\/www.rincondelbulla.cl\/portal\/wp-json\/wp\/v2\/comments?post=11918"}],"version-history":[{"count":3,"href":"https:\/\/www.rincondelbulla.cl\/portal\/wp-json\/wp\/v2\/posts\/11918\/revisions"}],"predecessor-version":[{"id":11922,"href":"https:\/\/www.rincondelbulla.cl\/portal\/wp-json\/wp\/v2\/posts\/11918\/revisions\/11922"}],"wp:featuredmedia":[{"embeddable":true,"href":"https:\/\/www.rincondelbulla.cl\/portal\/wp-json\/wp\/v2\/media\/11919"}],"wp:attachment":[{"href":"https:\/\/www.rincondelbulla.cl\/portal\/wp-json\/wp\/v2\/media?parent=11918"}],"wp:term":[{"taxonomy":"category","embeddable":true,"href":"https:\/\/www.rincondelbulla.cl\/portal\/wp-json\/wp\/v2\/categories?post=11918"},{"taxonomy":"post_tag","embeddable":true,"href":"https:\/\/www.rincondelbulla.cl\/portal\/wp-json\/wp\/v2\/tags?post=11918"}],"curies":[{"name":"wp","href":"https:\/\/api.w.org\/{rel}","templated":true}]}}