{"id":11923,"date":"2017-07-30T21:21:15","date_gmt":"2017-07-31T01:21:15","guid":{"rendered":"http:\/\/www.rincondelbulla.cl\/portal\/?p=11923"},"modified":"2017-07-30T22:43:02","modified_gmt":"2017-07-31T02:43:02","slug":"hoyos-suma-mas-seguidores","status":"publish","type":"post","link":"https:\/\/www.rincondelbulla.cl\/portal\/2017\/07\/30\/hoyos-suma-mas-seguidores\/","title":{"rendered":"Hoyos suma m\u00e1s seguidores"},"content":{"rendered":"<figure id=\"attachment_11924\" aria-describedby=\"caption-attachment-11924\" style=\"width: 1244px\" class=\"wp-caption aligncenter\"><img loading=\"lazy\" decoding=\"async\" class=\"size-full wp-image-11924\" src=\"http:\/\/www.rincondelbulla.cl\/portal\/wp-content\/uploads\/2017\/07\/Previa-Marcoleta-Hoyos.jpg\" alt=\"\" width=\"1244\" height=\"700\" srcset=\"https:\/\/www.rincondelbulla.cl\/portal\/wp-content\/uploads\/2017\/07\/Previa-Marcoleta-Hoyos.jpg 1244w, https:\/\/www.rincondelbulla.cl\/portal\/wp-content\/uploads\/2017\/07\/Previa-Marcoleta-Hoyos-300x169.jpg 300w, https:\/\/www.rincondelbulla.cl\/portal\/wp-content\/uploads\/2017\/07\/Previa-Marcoleta-Hoyos-768x432.jpg 768w, https:\/\/www.rincondelbulla.cl\/portal\/wp-content\/uploads\/2017\/07\/Previa-Marcoleta-Hoyos-1200x675.jpg 1200w, https:\/\/www.rincondelbulla.cl\/portal\/wp-content\/uploads\/2017\/07\/Previa-Marcoleta-Hoyos-696x392.jpg 696w, https:\/\/www.rincondelbulla.cl\/portal\/wp-content\/uploads\/2017\/07\/Previa-Marcoleta-Hoyos-1068x601.jpg 1068w, https:\/\/www.rincondelbulla.cl\/portal\/wp-content\/uploads\/2017\/07\/Previa-Marcoleta-Hoyos-746x420.jpg 746w\" sizes=\"auto, (max-width: 1244px) 100vw, 1244px\" \/><figcaption id=\"caption-attachment-11924\" class=\"wp-caption-text\">Fotograf\u00eda: CDF<\/figcaption><\/figure>\n<p><strong>Los hinchas de la U quieren demasiado al estratego, pero ahora se suma un uno seguidor: Luis Marcoleta.<\/strong><\/p>\n<p>Antes de jugarse el duelo en La Granja ayer ante el cuadro curicano, Luis Marcoleta y Guillermo Hoyos, compartieron micr\u00f3fono en la previa del Canal del F\u00fatbol.<\/p>\n<p>Y nuestro DT recibi\u00f3 una p\u00e9rgola de elogios de parte del hombre que sabe de ascensos: \u00abEs un placer conocer a Guillermo. Somos muy poco dados a reconocer las virtudes de otros. \u00c9l lleg\u00f3 en un momento complicado a la U.\u00a0Lo sensibiliz\u00f3, atac\u00f3 el coraz\u00f3n de las personas y cuando logr\u00f3 esa tranquilidad aflor\u00f3 el gran torneo que hicieron. Habla muy bien de lo que es como persona\u201d, dijo Marcoleta.<\/p>\n<p>Y entremedio de toda esta catequesis, el DT Curicano, le regal\u00f3 un singular gorro a Guillermo, el resto fue el partido.<\/p>\n","protected":false},"excerpt":{"rendered":"<p>Los hinchas de la U quieren demasiado al estratego, pero ahora se suma un uno seguidor: Luis Marcoleta. Antes de jugarse el duelo en La Granja ayer ante el cuadro curicano, Luis Marcoleta y Guillermo Hoyos, compartieron micr\u00f3fono en la previa del Canal del F\u00fatbol. Y nuestro DT recibi\u00f3 una p\u00e9rgola de elogios de parte [&#8230;]<\/p>\n","protected":false},"author":21395,"featured_media":11924,"comment_status":"closed","ping_status":"open","sticky":false,"template":"","format":"standard","meta":{"footnotes":""},"categories":[18],"tags":[1116,1006,1140,156],"class_list":{"0":"post-11923","1":"post","2":"type-post","3":"status-publish","4":"format-standard","5":"has-post-thumbnail","7":"category-actualidad","8":"tag-cuadro-magico","9":"tag-guillermo-hoyos","10":"tag-luis-marcoleta","11":"tag-universidad-de-chile"},"_links":{"self":[{"href":"https:\/\/www.rincondelbulla.cl\/portal\/wp-json\/wp\/v2\/posts\/11923","targetHints":{"allow":["GET"]}}],"collection":[{"href":"https:\/\/www.rincondelbulla.cl\/portal\/wp-json\/wp\/v2\/posts"}],"about":[{"href":"https:\/\/www.rincondelbulla.cl\/portal\/wp-json\/wp\/v2\/types\/post"}],"author":[{"embeddable":true,"href":"https:\/\/www.rincondelbulla.cl\/portal\/wp-json\/wp\/v2\/users\/21395"}],"replies":[{"embeddable":true,"href":"https:\/\/www.rincondelbulla.cl\/portal\/wp-json\/wp\/v2\/comments?post=11923"}],"version-history":[{"count":3,"href":"https:\/\/www.rincondelbulla.cl\/portal\/wp-json\/wp\/v2\/posts\/11923\/revisions"}],"predecessor-version":[{"id":11932,"href":"https:\/\/www.rincondelbulla.cl\/portal\/wp-json\/wp\/v2\/posts\/11923\/revisions\/11932"}],"wp:featuredmedia":[{"embeddable":true,"href":"https:\/\/www.rincondelbulla.cl\/portal\/wp-json\/wp\/v2\/media\/11924"}],"wp:attachment":[{"href":"https:\/\/www.rincondelbulla.cl\/portal\/wp-json\/wp\/v2\/media?parent=11923"}],"wp:term":[{"taxonomy":"category","embeddable":true,"href":"https:\/\/www.rincondelbulla.cl\/portal\/wp-json\/wp\/v2\/categories?post=11923"},{"taxonomy":"post_tag","embeddable":true,"href":"https:\/\/www.rincondelbulla.cl\/portal\/wp-json\/wp\/v2\/tags?post=11923"}],"curies":[{"name":"wp","href":"https:\/\/api.w.org\/{rel}","templated":true}]}}