{"id":11926,"date":"2017-07-30T22:34:59","date_gmt":"2017-07-31T02:34:59","guid":{"rendered":"http:\/\/www.rincondelbulla.cl\/portal\/?p=11926"},"modified":"2017-07-30T22:40:33","modified_gmt":"2017-07-31T02:40:33","slug":"beausejour-sino-convertia-la-opinion-sobre-david-era-la-misma","status":"publish","type":"post","link":"https:\/\/www.rincondelbulla.cl\/portal\/2017\/07\/30\/beausejour-sino-convertia-la-opinion-sobre-david-era-la-misma\/","title":{"rendered":"Beausejour: \u00abSi no convert\u00eda, la opini\u00f3n sobre David era la misma\u00bb"},"content":{"rendered":"<figure id=\"attachment_11927\" aria-describedby=\"caption-attachment-11927\" style=\"width: 1000px\" class=\"wp-caption aligncenter\"><img loading=\"lazy\" decoding=\"async\" class=\"size-full wp-image-11927\" src=\"http:\/\/www.rincondelbulla.cl\/portal\/wp-content\/uploads\/2017\/07\/Beausejour-Post-Curic\u00f3.jpeg\" alt=\"\" width=\"1000\" height=\"667\" srcset=\"https:\/\/www.rincondelbulla.cl\/portal\/wp-content\/uploads\/2017\/07\/Beausejour-Post-Curic\u00f3.jpeg 1000w, https:\/\/www.rincondelbulla.cl\/portal\/wp-content\/uploads\/2017\/07\/Beausejour-Post-Curic\u00f3-300x200.jpeg 300w, https:\/\/www.rincondelbulla.cl\/portal\/wp-content\/uploads\/2017\/07\/Beausejour-Post-Curic\u00f3-768x512.jpeg 768w, https:\/\/www.rincondelbulla.cl\/portal\/wp-content\/uploads\/2017\/07\/Beausejour-Post-Curic\u00f3-696x464.jpeg 696w, https:\/\/www.rincondelbulla.cl\/portal\/wp-content\/uploads\/2017\/07\/Beausejour-Post-Curic\u00f3-630x420.jpeg 630w\" sizes=\"auto, (max-width: 1000px) 100vw, 1000px\" \/><figcaption id=\"caption-attachment-11927\" class=\"wp-caption-text\">Fotograf\u00eda: Claudio C\u00e1ceres<\/figcaption><\/figure>\n<p><strong>Tras un duro partido los jugadores entregaron declaraciones en la complicada zona mixta de La Granja.<\/strong><\/p>\n<p>El primero en hacerlo brevemente fue Rafael Caroca, saliendo desde la cancha: \u00abMe toc\u00f3 jugar en otra posici\u00f3n, pero bienvenido sea aportar al equipo y gracias a Dios se consigui\u00f3 lo que se vino a buscar\u00bb.<\/p>\n<p>Lorenzo Reyes, qui\u00e9n regresa a las canchas despu\u00e9s de una lesi\u00f3n: \u00abMe sent\u00ed bien, me falta un poco en lo futbol\u00edstico pero estoy agradecido del profe que me ha dado toda la confianza\u00bb, respecto al partido: \u00abEl segundo tiempo fuimos superiores, no as\u00ed el primero, fue un partido trabado, despu\u00e9s de las expulsiones, el partido fue a favor para ellos. El Mati es un jugador importante y espero que no lo perdamos por mucho tiempo\u00bb.<\/p>\n<p><img loading=\"lazy\" decoding=\"async\" class=\"alignleft size-medium wp-image-11928\" src=\"http:\/\/www.rincondelbulla.cl\/portal\/wp-content\/uploads\/2017\/07\/Lorenzetti-post-Curic\u00f3-300x200.jpg\" alt=\"\" width=\"300\" height=\"200\" srcset=\"https:\/\/www.rincondelbulla.cl\/portal\/wp-content\/uploads\/2017\/07\/Lorenzetti-post-Curic\u00f3-300x200.jpg 300w, https:\/\/www.rincondelbulla.cl\/portal\/wp-content\/uploads\/2017\/07\/Lorenzetti-post-Curic\u00f3-768x512.jpg 768w, https:\/\/www.rincondelbulla.cl\/portal\/wp-content\/uploads\/2017\/07\/Lorenzetti-post-Curic\u00f3-696x464.jpg 696w, https:\/\/www.rincondelbulla.cl\/portal\/wp-content\/uploads\/2017\/07\/Lorenzetti-post-Curic\u00f3-630x420.jpg 630w, https:\/\/www.rincondelbulla.cl\/portal\/wp-content\/uploads\/2017\/07\/Lorenzetti-post-Curic\u00f3.jpg 1000w\" sizes=\"auto, (max-width: 300px) 100vw, 300px\" \/>Despu\u00e9s de la conferencia del Profe Hoyos, fueron otros tambi\u00e9n los que hablaron. Lorenzetti dijo sobre el duelo: \u00abHoy creo que 11 contra 11, el equipo ha estado mejor que Curic\u00f3, mantuvimos la solidez defensiva creo que todos corrimos y metimos, nos vamos con tres puntos important\u00edsimos\u00bb.<\/p>\n<p>Finalmente Beausejour, habl\u00f3 sobre el partido: \u00abFue un partido bien parejo, hay que felicitar a Curic\u00f3 por la propuesta, pero nosotros tuvimos la oportunidad de finalizarlo de manera muy eficaz con David pateando el penal\u00bb.<\/p>\n<p>Respecto al juego de David, qui\u00e9n fue criticado esta semana por los Wanderinos, el 15 azul agreg\u00f3 que: \u00abNos pone feliz, es consecuencia de su trabajo y si no convert\u00eda, la verdad es que la opini\u00f3n sobre David es la misma, nos pone m\u00e1s feliz que haya convertido, el entrega jerarqu\u00eda futbolistica, experiencia, manejo de camar\u00edn\u00bb.<\/p>\n","protected":false},"excerpt":{"rendered":"<p>Tras un duro partido los jugadores entregaron declaraciones en la complicada zona mixta de La Granja. El primero en hacerlo brevemente fue Rafael Caroca, saliendo desde la cancha: \u00abMe toc\u00f3 jugar en otra posici\u00f3n, pero bienvenido sea aportar al equipo y gracias a Dios se consigui\u00f3 lo que se vino a buscar\u00bb. Lorenzo Reyes, qui\u00e9n [&#8230;]<\/p>\n","protected":false},"author":21395,"featured_media":11927,"comment_status":"closed","ping_status":"open","sticky":false,"template":"","format":"standard","meta":{"footnotes":""},"categories":[18],"tags":[1116,78,821,121,900,156],"class_list":{"0":"post-11926","1":"post","2":"type-post","3":"status-publish","4":"format-standard","5":"has-post-thumbnail","7":"category-actualidad","8":"tag-cuadro-magico","9":"tag-gustavo-lorenzetti","10":"tag-jean-beausejour","11":"tag-lorenzo-reyes","12":"tag-rafael-caroca","13":"tag-universidad-de-chile"},"_links":{"self":[{"href":"https:\/\/www.rincondelbulla.cl\/portal\/wp-json\/wp\/v2\/posts\/11926","targetHints":{"allow":["GET"]}}],"collection":[{"href":"https:\/\/www.rincondelbulla.cl\/portal\/wp-json\/wp\/v2\/posts"}],"about":[{"href":"https:\/\/www.rincondelbulla.cl\/portal\/wp-json\/wp\/v2\/types\/post"}],"author":[{"embeddable":true,"href":"https:\/\/www.rincondelbulla.cl\/portal\/wp-json\/wp\/v2\/users\/21395"}],"replies":[{"embeddable":true,"href":"https:\/\/www.rincondelbulla.cl\/portal\/wp-json\/wp\/v2\/comments?post=11926"}],"version-history":[{"count":2,"href":"https:\/\/www.rincondelbulla.cl\/portal\/wp-json\/wp\/v2\/posts\/11926\/revisions"}],"predecessor-version":[{"id":11930,"href":"https:\/\/www.rincondelbulla.cl\/portal\/wp-json\/wp\/v2\/posts\/11926\/revisions\/11930"}],"wp:featuredmedia":[{"embeddable":true,"href":"https:\/\/www.rincondelbulla.cl\/portal\/wp-json\/wp\/v2\/media\/11927"}],"wp:attachment":[{"href":"https:\/\/www.rincondelbulla.cl\/portal\/wp-json\/wp\/v2\/media?parent=11926"}],"wp:term":[{"taxonomy":"category","embeddable":true,"href":"https:\/\/www.rincondelbulla.cl\/portal\/wp-json\/wp\/v2\/categories?post=11926"},{"taxonomy":"post_tag","embeddable":true,"href":"https:\/\/www.rincondelbulla.cl\/portal\/wp-json\/wp\/v2\/tags?post=11926"}],"curies":[{"name":"wp","href":"https:\/\/api.w.org\/{rel}","templated":true}]}}