{"id":12215,"date":"2017-08-14T15:58:20","date_gmt":"2017-08-14T19:58:20","guid":{"rendered":"http:\/\/www.rincondelbulla.cl\/portal\/?p=12215"},"modified":"2017-08-14T15:58:20","modified_gmt":"2017-08-14T19:58:20","slug":"a-jara-no-lo-quieren-en-argentina","status":"publish","type":"post","link":"https:\/\/www.rincondelbulla.cl\/portal\/2017\/08\/14\/a-jara-no-lo-quieren-en-argentina\/","title":{"rendered":"A Jara no lo quieren en Argentina"},"content":{"rendered":"<figure id=\"attachment_11107\" aria-describedby=\"caption-attachment-11107\" style=\"width: 900px\" class=\"wp-caption aligncenter\"><img loading=\"lazy\" decoding=\"async\" class=\"size-full wp-image-11107\" src=\"http:\/\/www.rincondelbulla.cl\/portal\/wp-content\/uploads\/2017\/02\/Jara.jpg\" alt=\"\" width=\"900\" height=\"601\" srcset=\"https:\/\/www.rincondelbulla.cl\/portal\/wp-content\/uploads\/2017\/02\/Jara.jpg 900w, https:\/\/www.rincondelbulla.cl\/portal\/wp-content\/uploads\/2017\/02\/Jara-300x200.jpg 300w, https:\/\/www.rincondelbulla.cl\/portal\/wp-content\/uploads\/2017\/02\/Jara-768x513.jpg 768w, https:\/\/www.rincondelbulla.cl\/portal\/wp-content\/uploads\/2017\/02\/Jara-696x465.jpg 696w, https:\/\/www.rincondelbulla.cl\/portal\/wp-content\/uploads\/2017\/02\/Jara-629x420.jpg 629w\" sizes=\"auto, (max-width: 900px) 100vw, 900px\" \/><figcaption id=\"caption-attachment-11107\" class=\"wp-caption-text\">Foto: Photosport<\/figcaption><\/figure>\n<p><strong>Guillermo Barros Schelotto, entrenador de Boca Juniors, descart\u00f3 de plano la posibilidad de que Gonzalo Jara arribe a la tienda \u2018xeneize\u2019 al afirmar que \u201ctenemos lleno el cupo de extranjeros\u201d.\u00a0<\/strong><\/p>\n<p>Pese a que el zaguero de Universidad de Chile afirmara ayer que a\u00fan estaba estudiando la opci\u00f3n de fichar en la escuadra \u2018azul y oro\u2019, el estratega del cuadro argentino sentenci\u00f3 cualquier chance que el seleccionado nacional arribe a Boca.<\/p>\n<p>\u00abNo puede venir porque tenemos lleno el cupo de extranjeros. El a\u00f1o pasado intentamos que llegara pero no pudo por un tema econ\u00f3mico\u00bb, expres\u00f3 en di\u00e1logo con radio La Red de Buenos Aires.<\/p>\n<p>Incluso, Schelotto aclar\u00f3 que de abrirse una plaza extranjera el elegido no ser\u00eda Jara, sino que el uruguayo de Pe\u00f1arol Nahit\u00e1n Nandez, quien ya tiene avanzadas conversaciones con el club de la Ribera por si se da ese cupo.<\/p>\n<p>Ser\u00eda todo en cuanto a ese tema, \u00bfHay otras opciones?<\/p>\n","protected":false},"excerpt":{"rendered":"<p>Guillermo Barros Schelotto, entrenador de Boca Juniors, descart\u00f3 de plano la posibilidad de que Gonzalo Jara arribe a la tienda \u2018xeneize\u2019 al afirmar que \u201ctenemos lleno el cupo de extranjeros\u201d.\u00a0 Pese a que el zaguero de Universidad de Chile afirmara ayer que a\u00fan estaba estudiando la opci\u00f3n de fichar en la escuadra \u2018azul y oro\u2019, [&#8230;]<\/p>\n","protected":false},"author":21395,"featured_media":11107,"comment_status":"closed","ping_status":"open","sticky":false,"template":"","format":"standard","meta":{"footnotes":""},"categories":[18],"tags":[454,837,1116,531,1180,156],"class_list":{"0":"post-12215","1":"post","2":"type-post","3":"status-publish","4":"format-standard","5":"has-post-thumbnail","7":"category-actualidad","8":"tag-actualidad","9":"tag-boca-juniors","10":"tag-cuadro-magico","11":"tag-gonzalo-jara","12":"tag-guillermo-barros-schelotto","13":"tag-universidad-de-chile"},"_links":{"self":[{"href":"https:\/\/www.rincondelbulla.cl\/portal\/wp-json\/wp\/v2\/posts\/12215","targetHints":{"allow":["GET"]}}],"collection":[{"href":"https:\/\/www.rincondelbulla.cl\/portal\/wp-json\/wp\/v2\/posts"}],"about":[{"href":"https:\/\/www.rincondelbulla.cl\/portal\/wp-json\/wp\/v2\/types\/post"}],"author":[{"embeddable":true,"href":"https:\/\/www.rincondelbulla.cl\/portal\/wp-json\/wp\/v2\/users\/21395"}],"replies":[{"embeddable":true,"href":"https:\/\/www.rincondelbulla.cl\/portal\/wp-json\/wp\/v2\/comments?post=12215"}],"version-history":[{"count":1,"href":"https:\/\/www.rincondelbulla.cl\/portal\/wp-json\/wp\/v2\/posts\/12215\/revisions"}],"predecessor-version":[{"id":12216,"href":"https:\/\/www.rincondelbulla.cl\/portal\/wp-json\/wp\/v2\/posts\/12215\/revisions\/12216"}],"wp:featuredmedia":[{"embeddable":true,"href":"https:\/\/www.rincondelbulla.cl\/portal\/wp-json\/wp\/v2\/media\/11107"}],"wp:attachment":[{"href":"https:\/\/www.rincondelbulla.cl\/portal\/wp-json\/wp\/v2\/media?parent=12215"}],"wp:term":[{"taxonomy":"category","embeddable":true,"href":"https:\/\/www.rincondelbulla.cl\/portal\/wp-json\/wp\/v2\/categories?post=12215"},{"taxonomy":"post_tag","embeddable":true,"href":"https:\/\/www.rincondelbulla.cl\/portal\/wp-json\/wp\/v2\/tags?post=12215"}],"curies":[{"name":"wp","href":"https:\/\/api.w.org\/{rel}","templated":true}]}}