{"id":12217,"date":"2017-08-14T20:38:38","date_gmt":"2017-08-15T00:38:38","guid":{"rendered":"http:\/\/www.rincondelbulla.cl\/portal\/?p=12217"},"modified":"2017-08-14T20:38:38","modified_gmt":"2017-08-15T00:38:38","slug":"nico-guerra-siempre-es-bonito-sumar-minutos-con-la-seleccion","status":"publish","type":"post","link":"https:\/\/www.rincondelbulla.cl\/portal\/2017\/08\/14\/nico-guerra-siempre-es-bonito-sumar-minutos-con-la-seleccion\/","title":{"rendered":"Nico Guerra: \u201cSiempre es bonito sumar minutos con la selecci\u00f3n\u201d"},"content":{"rendered":"<p><img loading=\"lazy\" decoding=\"async\" class=\"aligncenter size-full wp-image-12218\" src=\"http:\/\/www.rincondelbulla.cl\/portal\/wp-content\/uploads\/2017\/08\/foto-nico-guerra.jpg\" alt=\"\" width=\"1200\" height=\"628\" srcset=\"https:\/\/www.rincondelbulla.cl\/portal\/wp-content\/uploads\/2017\/08\/foto-nico-guerra.jpg 1200w, https:\/\/www.rincondelbulla.cl\/portal\/wp-content\/uploads\/2017\/08\/foto-nico-guerra-300x157.jpg 300w, https:\/\/www.rincondelbulla.cl\/portal\/wp-content\/uploads\/2017\/08\/foto-nico-guerra-768x402.jpg 768w, https:\/\/www.rincondelbulla.cl\/portal\/wp-content\/uploads\/2017\/08\/foto-nico-guerra-696x364.jpg 696w, https:\/\/www.rincondelbulla.cl\/portal\/wp-content\/uploads\/2017\/08\/foto-nico-guerra-1068x559.jpg 1068w, https:\/\/www.rincondelbulla.cl\/portal\/wp-content\/uploads\/2017\/08\/foto-nico-guerra-803x420.jpg 803w\" sizes=\"auto, (max-width: 1200px) 100vw, 1200px\" \/><\/p>\n<p><strong>Guerra y Mazuela fueron los representados del cuadro m\u00e1gico en Jap\u00f3n junto a La Roja Sub 20.<\/strong><\/p>\n<p>Tres partidos disputados, todos como titular y anotando dos goles, fue el\u00a0registro alcanzado por Nicol\u00e1s Guerra con la selecci\u00f3n chilena Sub 20 en la SBS International Cup 2017, certamen en el que los nacionales se alzaron como campeones y que sirvi\u00f3 como preparaci\u00f3n para el Sudamericano de la categor\u00eda que se disputar\u00e1 en nuestro pa\u00eds durante el pr\u00f3ximo a\u00f1o.<\/p>\n<p>El atacante azul, que\u00a0debut\u00f3 con el Primer Equipo en julio pasado ante \u00d1ublense,\u00a0<a href=\"https:\/\/www.udechile.cl\/primer-equipo\/nico-guerra-anoto-un-gol-en-nueva-victoria-de-la-roja-sub-20\/\">marc\u00f3 ante Rep\u00fablica Checa<\/a>\u00a0y en el\u00a0<a href=\"https:\/\/www.udechile.cl\/primer-equipo\/guerra-anota-en-duelo-que-corono-como-campeon-a-la-roja-sub-20\/\">duelo definitorio ante Shizuoka<\/a>, consolid\u00e1ndose como uno de los valores m\u00e1s importantes de la escuadra dirigida por el t\u00e9cnico H\u00e9ctor Robles.<\/p>\n<p>Sobre la evaluaci\u00f3n colectiva de \u201cLa Roja\u201d, Guerra nos coment\u00f3 que lo tomaron como\u00a0una gran oportunidad y que \u201cfue un campeonato hermoso que nos ayud\u00f3 a crecer como equipo, que era lo fundamental.\u00a0Demostramos lo unidos y humilde que somos. Queremos seguir creciendo para ir por m\u00e1s, nuestro desaf\u00edo es llegar al sudamericano de la mejor manera\u201d.<\/p>\n<p>Desde Jap\u00f3n, el atacante se mostr\u00f3 feliz por su actuaci\u00f3n personal y la oportunidad de haber disputado gran parte de los partidos. \u201cSumar minutos por la selecci\u00f3n siempre es bonito. Todo jugador sue\u00f1a con jugar mucho y hacer goles. Siempre trat\u00e9 de dar lo mejor de m\u00ed y estar a disposici\u00f3n del equipo.\u00a0Creo que respond\u00ed bien, me sacrifiqu\u00e9, corr\u00ed y anot\u00e9\u201d, revel\u00f3.<\/p>\n<p>Para el final Guerra se refiri\u00f3 a sus objetivos en el plantel azul, adelantando que al regresar al pa\u00eds se sumar\u00e1 a los entrenamientos con la mente puesta en entregar el 100% y m\u00e1s. \u201cQuiero pelear un puesto, un espacio y siempre dar lo mejor de m\u00ed en donde me toque estar. Quiero luchar y entrenar bien hasta conseguir lo que quiero\u201d, cerr\u00f3 el jugador que llegar\u00e1 a la U con la medalla de campe\u00f3n de la SBS International Cup 2017.<\/p>\n<p>Fuente: UdeChile<\/p>\n","protected":false},"excerpt":{"rendered":"<p>Guerra y Mazuela fueron los representados del cuadro m\u00e1gico en Jap\u00f3n junto a La Roja Sub 20. Tres partidos disputados, todos como titular y anotando dos goles, fue el\u00a0registro alcanzado por Nicol\u00e1s Guerra con la selecci\u00f3n chilena Sub 20 en la SBS International Cup 2017, certamen en el que los nacionales se alzaron como campeones [&#8230;]<\/p>\n","protected":false},"author":21395,"featured_media":12218,"comment_status":"closed","ping_status":"open","sticky":false,"template":"","format":"standard","meta":{"footnotes":""},"categories":[18],"tags":[454,1116,409,230,1161,156],"class_list":{"0":"post-12217","1":"post","2":"type-post","3":"status-publish","4":"format-standard","5":"has-post-thumbnail","7":"category-actualidad","8":"tag-actualidad","9":"tag-cuadro-magico","10":"tag-futbol-formativo","11":"tag-la-roja","12":"tag-nicolas-guerra","13":"tag-universidad-de-chile"},"_links":{"self":[{"href":"https:\/\/www.rincondelbulla.cl\/portal\/wp-json\/wp\/v2\/posts\/12217","targetHints":{"allow":["GET"]}}],"collection":[{"href":"https:\/\/www.rincondelbulla.cl\/portal\/wp-json\/wp\/v2\/posts"}],"about":[{"href":"https:\/\/www.rincondelbulla.cl\/portal\/wp-json\/wp\/v2\/types\/post"}],"author":[{"embeddable":true,"href":"https:\/\/www.rincondelbulla.cl\/portal\/wp-json\/wp\/v2\/users\/21395"}],"replies":[{"embeddable":true,"href":"https:\/\/www.rincondelbulla.cl\/portal\/wp-json\/wp\/v2\/comments?post=12217"}],"version-history":[{"count":1,"href":"https:\/\/www.rincondelbulla.cl\/portal\/wp-json\/wp\/v2\/posts\/12217\/revisions"}],"predecessor-version":[{"id":12219,"href":"https:\/\/www.rincondelbulla.cl\/portal\/wp-json\/wp\/v2\/posts\/12217\/revisions\/12219"}],"wp:featuredmedia":[{"embeddable":true,"href":"https:\/\/www.rincondelbulla.cl\/portal\/wp-json\/wp\/v2\/media\/12218"}],"wp:attachment":[{"href":"https:\/\/www.rincondelbulla.cl\/portal\/wp-json\/wp\/v2\/media?parent=12217"}],"wp:term":[{"taxonomy":"category","embeddable":true,"href":"https:\/\/www.rincondelbulla.cl\/portal\/wp-json\/wp\/v2\/categories?post=12217"},{"taxonomy":"post_tag","embeddable":true,"href":"https:\/\/www.rincondelbulla.cl\/portal\/wp-json\/wp\/v2\/tags?post=12217"}],"curies":[{"name":"wp","href":"https:\/\/api.w.org\/{rel}","templated":true}]}}