{"id":12237,"date":"2017-08-16T10:09:04","date_gmt":"2017-08-16T14:09:04","guid":{"rendered":"http:\/\/www.rincondelbulla.cl\/portal\/?p=12237"},"modified":"2017-08-16T10:09:04","modified_gmt":"2017-08-16T14:09:04","slug":"en-el-cda-ya-preparan-como-reemplazar-a-jara-si-decide-irse","status":"publish","type":"post","link":"https:\/\/www.rincondelbulla.cl\/portal\/2017\/08\/16\/en-el-cda-ya-preparan-como-reemplazar-a-jara-si-decide-irse\/","title":{"rendered":"En el CDA ya preparan c\u00f3mo reemplazar a Jara si decide irse"},"content":{"rendered":"<figure id=\"attachment_12239\" aria-describedby=\"caption-attachment-12239\" style=\"width: 2048px\" class=\"wp-caption alignnone\"><img loading=\"lazy\" decoding=\"async\" class=\"size-full wp-image-12239\" src=\"http:\/\/www.rincondelbulla.cl\/portal\/wp-content\/uploads\/2017\/08\/Jean-Beausejor-Gonzalo-Jara.jpg\" alt=\"\" width=\"2048\" height=\"1362\" srcset=\"https:\/\/www.rincondelbulla.cl\/portal\/wp-content\/uploads\/2017\/08\/Jean-Beausejor-Gonzalo-Jara.jpg 2048w, https:\/\/www.rincondelbulla.cl\/portal\/wp-content\/uploads\/2017\/08\/Jean-Beausejor-Gonzalo-Jara-300x200.jpg 300w, https:\/\/www.rincondelbulla.cl\/portal\/wp-content\/uploads\/2017\/08\/Jean-Beausejor-Gonzalo-Jara-768x511.jpg 768w, https:\/\/www.rincondelbulla.cl\/portal\/wp-content\/uploads\/2017\/08\/Jean-Beausejor-Gonzalo-Jara-1200x798.jpg 1200w, https:\/\/www.rincondelbulla.cl\/portal\/wp-content\/uploads\/2017\/08\/Jean-Beausejor-Gonzalo-Jara-696x463.jpg 696w, https:\/\/www.rincondelbulla.cl\/portal\/wp-content\/uploads\/2017\/08\/Jean-Beausejor-Gonzalo-Jara-1068x710.jpg 1068w, https:\/\/www.rincondelbulla.cl\/portal\/wp-content\/uploads\/2017\/08\/Jean-Beausejor-Gonzalo-Jara-632x420.jpg 632w\" sizes=\"auto, (max-width: 2048px) 100vw, 2048px\" \/><figcaption id=\"caption-attachment-12239\" class=\"wp-caption-text\">Foto: Rene Francisco S\u00e1ez Vicu\u00f1a<\/figcaption><\/figure>\n<p><strong>El zaguero azul y de la selecci\u00f3n chilena tendr\u00eda dos ofertas que lo podr\u00edan hacer emigrar del club en los pr\u00f3ximos d\u00edas. Por ello, el cuerpo t\u00e9cnico ya trabajar\u00eda f\u00f3rmulas para suplir esta baja.<\/strong><!--more--><\/p>\n<p>Si bien lo reconoci\u00f3, sabe que partir ser\u00eda un golpe bajo para Universidad de Chile. Gonzalo Jara por estos d\u00edas vive horas decisivas en lo que podr\u00eda ser una nueva excursi\u00f3n internacional o quedarse en Chile, en d\u00f3nde dice sentirse c\u00f3modo.<\/p>\n<p>A la conocida oferta desde Boca Juniors \u2013que por ahora se habr\u00eda enfriado por la falta de cupos extranjeros en Argentina- se sumar\u00eda una opci\u00f3n que llegar\u00eda desde Europa, que solo se formalizar\u00eda si el jugador decidiese volver al viejo continente. De hecho, Diario El mercurio asegura que es un tema que ya se conversa al interior de la familia de Jara, pero que se podr\u00eda diluir ya que no existir\u00eda el convencimiento de volver a dejar por completo el pa\u00eds. Ante este escenario, Boca Juniors ser\u00eda la opci\u00f3n con mayor fuerza.<\/p>\n<p>En el mismo matutino aseguran que ante la eventualidad que Gonzalo Jara dejar\u00e1 Universidad de Chile, el cuerpo t\u00e9cnico de Guillermo Hoyos ya trabajar\u00eda en opciones para reemplazarlo y acompa\u00f1ar a Christian Vilches. Se tratar\u00eda de jugadores como Mat\u00edas Rodr\u00edguez, Rafael Caroca, Alejandro Contreras y Rodrigo Echeverr\u00eda.<\/p>\n<p>Es este escenario, Rodr\u00edguez y Caroca ser\u00edan quienes correr\u00edan con ventaja, ya que ambos alternaron dicha posici\u00f3n en la pretemporada reci\u00e9n pasada, sumado esto a que Mat\u00edas no ver\u00eda con malos ojos adaptarse a una nueva tarea dentro de la cancha.<\/p>\n<p>En la \u201cU\u201d saben que al decisi\u00f3n est\u00e1 en la manos de Gonzalo Jara y conf\u00edan que el jugador har\u00e1 cumplir su palabra de jugar Copa Libertadores con el equipo. De lo contrario, si decidiese partir, al menos ya se tendr\u00e1 avanzado el esquema con nuevos nombres en su lugar.<\/p>\n","protected":false},"excerpt":{"rendered":"<p>El zaguero azul y de la selecci\u00f3n chilena tendr\u00eda dos ofertas que lo podr\u00edan hacer emigrar del club en los pr\u00f3ximos d\u00edas. Por ello, el cuerpo t\u00e9cnico ya trabajar\u00eda f\u00f3rmulas para suplir esta baja.<\/p>\n","protected":false},"author":21382,"featured_media":12238,"comment_status":"closed","ping_status":"open","sticky":false,"template":"","format":"standard","meta":{"footnotes":""},"categories":[18],"tags":[454,883,837,818,381,531,1006,65,157,900,1184,1092],"class_list":{"0":"post-12237","1":"post","2":"type-post","3":"status-publish","4":"format-standard","5":"has-post-thumbnail","7":"category-actualidad","8":"tag-actualidad","9":"tag-alejandro-contreras","10":"tag-boca-juniors","11":"tag-christian-vilches","12":"tag-diario-el-mercurio","13":"tag-gonzalo-jara","14":"tag-guillermo-hoyos","15":"tag-matias-rodriguez","16":"tag-portada","17":"tag-rafael-caroca","18":"tag-rodrigo-echeverria","19":"tag-torneo-transicion-2017"},"_links":{"self":[{"href":"https:\/\/www.rincondelbulla.cl\/portal\/wp-json\/wp\/v2\/posts\/12237","targetHints":{"allow":["GET"]}}],"collection":[{"href":"https:\/\/www.rincondelbulla.cl\/portal\/wp-json\/wp\/v2\/posts"}],"about":[{"href":"https:\/\/www.rincondelbulla.cl\/portal\/wp-json\/wp\/v2\/types\/post"}],"author":[{"embeddable":true,"href":"https:\/\/www.rincondelbulla.cl\/portal\/wp-json\/wp\/v2\/users\/21382"}],"replies":[{"embeddable":true,"href":"https:\/\/www.rincondelbulla.cl\/portal\/wp-json\/wp\/v2\/comments?post=12237"}],"version-history":[{"count":1,"href":"https:\/\/www.rincondelbulla.cl\/portal\/wp-json\/wp\/v2\/posts\/12237\/revisions"}],"predecessor-version":[{"id":12240,"href":"https:\/\/www.rincondelbulla.cl\/portal\/wp-json\/wp\/v2\/posts\/12237\/revisions\/12240"}],"wp:featuredmedia":[{"embeddable":true,"href":"https:\/\/www.rincondelbulla.cl\/portal\/wp-json\/wp\/v2\/media\/12238"}],"wp:attachment":[{"href":"https:\/\/www.rincondelbulla.cl\/portal\/wp-json\/wp\/v2\/media?parent=12237"}],"wp:term":[{"taxonomy":"category","embeddable":true,"href":"https:\/\/www.rincondelbulla.cl\/portal\/wp-json\/wp\/v2\/categories?post=12237"},{"taxonomy":"post_tag","embeddable":true,"href":"https:\/\/www.rincondelbulla.cl\/portal\/wp-json\/wp\/v2\/tags?post=12237"}],"curies":[{"name":"wp","href":"https:\/\/api.w.org\/{rel}","templated":true}]}}