{"id":12253,"date":"2017-08-17T12:26:00","date_gmt":"2017-08-17T16:26:00","guid":{"rendered":"http:\/\/www.rincondelbulla.cl\/portal\/?p=12253"},"modified":"2017-08-17T22:29:54","modified_gmt":"2017-08-18T02:29:54","slug":"que-sucede-con-jara","status":"publish","type":"post","link":"https:\/\/www.rincondelbulla.cl\/portal\/2017\/08\/17\/que-sucede-con-jara\/","title":{"rendered":"\u00bfQu\u00e9 sucede con Jara?"},"content":{"rendered":"<figure id=\"attachment_12254\" aria-describedby=\"caption-attachment-12254\" style=\"width: 820px\" class=\"wp-caption aligncenter\"><img loading=\"lazy\" decoding=\"async\" class=\"wp-image-12254 size-full\" src=\"http:\/\/www.rincondelbulla.cl\/portal\/wp-content\/uploads\/2017\/08\/jara2-820x385.jpg\" alt=\"\" width=\"820\" height=\"385\" srcset=\"https:\/\/www.rincondelbulla.cl\/portal\/wp-content\/uploads\/2017\/08\/jara2-820x385.jpg 820w, https:\/\/www.rincondelbulla.cl\/portal\/wp-content\/uploads\/2017\/08\/jara2-820x385-300x141.jpg 300w, https:\/\/www.rincondelbulla.cl\/portal\/wp-content\/uploads\/2017\/08\/jara2-820x385-768x361.jpg 768w, https:\/\/www.rincondelbulla.cl\/portal\/wp-content\/uploads\/2017\/08\/jara2-820x385-696x327.jpg 696w\" sizes=\"auto, (max-width: 820px) 100vw, 820px\" \/><figcaption id=\"caption-attachment-12254\" class=\"wp-caption-text\">Fotograf\u00eda: Photosport<\/figcaption><\/figure>\n<p><strong>Durante estos d\u00edas, dimes y diretes han salido respecto a la situaci\u00f3n de Gonzalo Jara y su futuro en el cuadro m\u00e1gico.<\/strong><!--more--><\/p>\n<p>Esta jornada ya se reuni\u00f3 Pablo Silva, director ejecutivo de Azul Azul, con Alan Silberman, representante de Gonzalo Jara, para revisar la opci\u00f3n de partida del jugador.<\/p>\n<p>Ayer, ya como pre\u00e1mbulo de lo que se vivir\u00e1 en los siguientes minutos, Carlos Heller, presidente de la entidad adelant\u00f3 que \u00abHay una salida en su contrato y si llega una oferta formal al club, no podemos hacer absolutamente nada\u201d, algo muy similar dijo Pablo Silva en el Centro Deportivo Azul.<\/p>\n<p>Solo queda que Silva pueda exponer al directorio lo conversado con Silberman y posteriormente conocer la postura de los mandamases de la concesionaria.<\/p>\n","protected":false},"excerpt":{"rendered":"<p>Durante estos d\u00edas, dimes y diretes han salido respecto a la situaci\u00f3n de Gonzalo Jara y su futuro en el cuadro m\u00e1gico.<\/p>\n","protected":false},"author":21395,"featured_media":12254,"comment_status":"closed","ping_status":"open","sticky":false,"template":"","format":"standard","meta":{"footnotes":""},"categories":[18],"tags":[454,839,174,192,1116,531,1008,156],"class_list":{"0":"post-12253","1":"post","2":"type-post","3":"status-publish","4":"format-standard","5":"has-post-thumbnail","7":"category-actualidad","8":"tag-actualidad","9":"tag-alan-silberman","10":"tag-azul-azul","11":"tag-carlos-heller","12":"tag-cuadro-magico","13":"tag-gonzalo-jara","14":"tag-pablo-silva","15":"tag-universidad-de-chile"},"_links":{"self":[{"href":"https:\/\/www.rincondelbulla.cl\/portal\/wp-json\/wp\/v2\/posts\/12253","targetHints":{"allow":["GET"]}}],"collection":[{"href":"https:\/\/www.rincondelbulla.cl\/portal\/wp-json\/wp\/v2\/posts"}],"about":[{"href":"https:\/\/www.rincondelbulla.cl\/portal\/wp-json\/wp\/v2\/types\/post"}],"author":[{"embeddable":true,"href":"https:\/\/www.rincondelbulla.cl\/portal\/wp-json\/wp\/v2\/users\/21395"}],"replies":[{"embeddable":true,"href":"https:\/\/www.rincondelbulla.cl\/portal\/wp-json\/wp\/v2\/comments?post=12253"}],"version-history":[{"count":5,"href":"https:\/\/www.rincondelbulla.cl\/portal\/wp-json\/wp\/v2\/posts\/12253\/revisions"}],"predecessor-version":[{"id":12271,"href":"https:\/\/www.rincondelbulla.cl\/portal\/wp-json\/wp\/v2\/posts\/12253\/revisions\/12271"}],"wp:featuredmedia":[{"embeddable":true,"href":"https:\/\/www.rincondelbulla.cl\/portal\/wp-json\/wp\/v2\/media\/12254"}],"wp:attachment":[{"href":"https:\/\/www.rincondelbulla.cl\/portal\/wp-json\/wp\/v2\/media?parent=12253"}],"wp:term":[{"taxonomy":"category","embeddable":true,"href":"https:\/\/www.rincondelbulla.cl\/portal\/wp-json\/wp\/v2\/categories?post=12253"},{"taxonomy":"post_tag","embeddable":true,"href":"https:\/\/www.rincondelbulla.cl\/portal\/wp-json\/wp\/v2\/tags?post=12253"}],"curies":[{"name":"wp","href":"https:\/\/api.w.org\/{rel}","templated":true}]}}