{"id":1249,"date":"2009-01-20T08:25:15","date_gmt":"2009-01-20T08:25:15","guid":{"rendered":"http:\/\/www.rincondelbulla.cl\/portal\/?p=1249"},"modified":"2009-01-20T08:25:15","modified_gmt":"2009-01-20T08:25:15","slug":"el-tecnico-azul-utilizara-un-4-4-2-contra-pachuca-markarian-tiene-listo-su-equipo","status":"publish","type":"post","link":"https:\/\/www.rincondelbulla.cl\/portal\/2009\/01\/20\/el-tecnico-azul-utilizara-un-4-4-2-contra-pachuca-markarian-tiene-listo-su-equipo\/","title":{"rendered":"El t\u00e9cnico azul utilizar\u00e1 un 4-4-2 contra Pachuca: Markari\u00e1n tiene listo su equipo"},"content":{"rendered":"<p><img decoding=\"async\" src=\"images\/stories\/sergio_markarian4.jpg\" hspace=\"6\" alt=\"\" title=\"\" border=\"0\" style=\"float: left;\" \/><b>La presencia de Marcelo D&iacute;az, Hugo Notario, Juan Manuel Olivera, Mauricio Arias y Emilio Hern&aacute;ndez desde el arranque ser&iacute;an las novedades del equipo de la U en la era post Salah. Colo Colo le tomar&aacute; el s&aacute;bado, en un amistoso, examen final a la propuesta del DT.<\/b><br \/> &quot;Tengo mucha fe&quot;.Cuatro veces repiti&oacute; ayer la frase el entrenador de la U,<br \/>  <!--more--> Sergio Markari&aacute;n, cuando se le consultaba por el buen nivel que est&aacute; mostrando Pachuca, en contraste con su equipo, que sigue en rodaje.<\/p>\n<p> El estratega azul, en quien los dirigentes cargaron buena parte de la responsabilidad por la campa&ntilde;a futura, sabe que tiene poco tiempo para afinar al equipo. Pero conf&iacute;a en sacar lo mejor de su potencial.<\/p>\n<p> &quot;Vi muy bien a Pachuca ayer (domingo). Es un muy buen equipo. &iquest;Nosotros? Vamos a estar bien tambi&eacute;n&quot;, conf&iacute;a el DT.<\/p>\n<p> &quot;Me interesa que el equipo tenga amplitud y profundidad. Para tener amplitud, tiene que haber jugadores por las bandas. O sea, si se van a centralizar, que alguien los cubra por las orillas. Y para profundizar depender&aacute; de la capacidad t&eacute;cnica y de que el equipo se mueva. Eso va a ser m&aacute;s dif&iacute;cil, pero tengo fe&quot;, dijo.<\/p>\n<p> <b>-&iquest;C&oacute;mo reemplazar&aacute; a Walter Montillo?<\/b><\/p>\n<p> &quot;Si fuera por uno o dos partidos, podr&iacute;a haber cambiado hombre por hombre. Pero su alejamiento nos impone un an&aacute;lisis. Haremos un cambio de esquema. Montillo es un jugador explosivo y vertical. Estaba en un gran momento. No es verdad que vaya a llegar alguien m&aacute;s&quot;.<\/p>\n<p> <b>-&iquest;Y no hay otro en el plantel?<\/b><\/p>\n<p> &quot;Es que adaptar a uno me va a llevar m&aacute;s tiempo. A (Emilio) Hern&aacute;ndez lo veo m&aacute;s en otra posici&oacute;n y no quisiera perderlo en esa. Ayer (domingo) creo que jug&oacute; al medio. Yo lo veo m&aacute;s arriba. A (Sebasti&aacute;n) Pardo no le cae muy bien jugar de espaldas al arco. Y (Miguel) Coronado est&aacute; muy tierno. &iquest;Marcelo D&iacute;az? Lo utilizaremos como lateral derecho&quot;.<\/p>\n<p> <b>-&iquest;Por qu&eacute; entonces no traer a alguien para que cubra su puesto?<\/b><\/p>\n<p> &quot;Nunca, en ning&uacute;n club, he pedido jugadores. Cuando notoriamente se debilita un sector por la partida de uno o m&aacute;s jugadores, se hace. Mi filosof&iacute;a es traer jugadores que sean una soluci&oacute;n notoria. Y si no lo son, no tiene sentido. Por eso no pido&quot;.<\/p>\n<p> <b>-&iquest;Ese fue el caso de los refuerzos que le llegaron?<\/b><\/p>\n<p> &quot;Ped&iacute; nombres. Se hicieron gestiones por los que ped&iacute; (N. de la R.: Nicol&aacute;s Vigneri de Cruz Azul y Cristi&aacute;n Bogado de Estudiantes), que eran de muy buen nivel. No se pudo. Los dirigentes tambi&eacute;n propusieron y luego los representantes nos trajeron cien nombres. Nosotros aprobamos los refuerzos&quot;.<\/p>\n<p> <b>-&iquest;Y qued&oacute; conforme?<\/b><\/p>\n<p> &quot;Desde que vinieron es que yo dije que s&iacute;, as&iacute; que me comprometo con ese s&iacute;&quot;.<\/p>\n<p> Markari&aacute;n ya tiene en mente el equipo titular que jugar&aacute; contra Pachuca (ver infograf&iacute;a). Apostar&aacute; por dos l&iacute;neas de cuatro jugadores, con Hugo Notario y Mauricio Arias bien abiertos en el mediocampo y con m&aacute;s misiones ofensivas que defensivas.<\/p>\n<p> Respecto del equipo que ven&iacute;a jugando con Arturo Salah, las novedades desde el arranque ser&iacute;an Marcelo D&iacute;az, Notario, Juan Manuel Olivera, Arias y Emilio Hern&aacute;ndez. La f&oacute;rmula se probar&aacute; ante Colo Colo el s&aacute;bado, en un amistoso programado en Concepci&oacute;n.<\/p>\n<p> Desde ya se anuncian como los principales perjudicados a Jos&eacute; Contreras, Juan Gonz&aacute;lez, Rodrigo Rivera, Sebasti&aacute;n Pardo, Cristi&aacute;n Milla y Manuel Villalobos&#8230; Tendr&aacute;n que esperar su oportunidad. <\/p>\n","protected":false},"excerpt":{"rendered":"<p>La presencia de Marcelo D&iacute;az, Hugo Notario, Juan Manuel Olivera, Mauricio Arias y Emilio Hern&aacute;ndez desde el arranque ser&iacute;an las novedades del equipo de la U en la era post Salah. Colo Colo le tomar&aacute; el s&aacute;bado, en un amistoso, examen final a la propuesta del DT. &quot;Tengo mucha fe&quot;.Cuatro veces repiti&oacute; ayer la frase [&#8230;]<\/p>\n","protected":false},"author":1,"featured_media":0,"comment_status":"open","ping_status":"open","sticky":false,"template":"","format":"standard","meta":{"footnotes":""},"categories":[18],"tags":[],"class_list":{"0":"post-1249","1":"post","2":"type-post","3":"status-publish","4":"format-standard","6":"category-actualidad"},"_links":{"self":[{"href":"https:\/\/www.rincondelbulla.cl\/portal\/wp-json\/wp\/v2\/posts\/1249","targetHints":{"allow":["GET"]}}],"collection":[{"href":"https:\/\/www.rincondelbulla.cl\/portal\/wp-json\/wp\/v2\/posts"}],"about":[{"href":"https:\/\/www.rincondelbulla.cl\/portal\/wp-json\/wp\/v2\/types\/post"}],"author":[{"embeddable":true,"href":"https:\/\/www.rincondelbulla.cl\/portal\/wp-json\/wp\/v2\/users\/1"}],"replies":[{"embeddable":true,"href":"https:\/\/www.rincondelbulla.cl\/portal\/wp-json\/wp\/v2\/comments?post=1249"}],"version-history":[{"count":0,"href":"https:\/\/www.rincondelbulla.cl\/portal\/wp-json\/wp\/v2\/posts\/1249\/revisions"}],"wp:attachment":[{"href":"https:\/\/www.rincondelbulla.cl\/portal\/wp-json\/wp\/v2\/media?parent=1249"}],"wp:term":[{"taxonomy":"category","embeddable":true,"href":"https:\/\/www.rincondelbulla.cl\/portal\/wp-json\/wp\/v2\/categories?post=1249"},{"taxonomy":"post_tag","embeddable":true,"href":"https:\/\/www.rincondelbulla.cl\/portal\/wp-json\/wp\/v2\/tags?post=1249"}],"curies":[{"name":"wp","href":"https:\/\/api.w.org\/{rel}","templated":true}]}}