{"id":1251,"date":"2009-01-20T22:09:48","date_gmt":"2009-01-20T22:09:48","guid":{"rendered":"http:\/\/www.rincondelbulla.cl\/portal\/?p=1251"},"modified":"2009-01-20T22:09:48","modified_gmt":"2009-01-20T22:09:48","slug":"sergio-markarian-decidio-enviar-a-prestamo-a-cristian-milla","status":"publish","type":"post","link":"https:\/\/www.rincondelbulla.cl\/portal\/2009\/01\/20\/sergio-markarian-decidio-enviar-a-prestamo-a-cristian-milla\/","title":{"rendered":"Sergio Markari\u00e1n decidi\u00f3 enviar a pr\u00e9stamo a Cristi\u00e1n Milla"},"content":{"rendered":"<p><img decoding=\"async\" src=\"images\/stories\/cristianmilla5.jpg\" hspace=\"6\" alt=\"\" title=\"\" border=\"0\" style=\"float: left;\" \/><b>Tras una reuni&oacute;n con el atacante argentino, el t&eacute;cnico decidi&oacute; mandarlo a pr&eacute;stamo.<\/b><br \/> Una sorpresiva resoluci&oacute;n tom&oacute; este martes el t&eacute;cnico de Universidad de Chile Sergio Markari&aacute;n, ya que decidi&oacute; enviar a pr&eacute;stamo al delantero argentino Cristi&aacute;n Milla, seg&uacute;n inform&oacute; este martes Al Aire Libre en Cooperativa.<br \/>  <!--more--> <\/p>\n<p> Tras una conversaci&oacute;n con el jugador, el estratega uruguayo le coment&oacute; al trasandino que no estaba en sus planes y que deb&iacute;a buscar un nuevo club. Esta decisi&oacute;n se enmarca en la pol&iacute;tica de reducir el plantel azul, que en la actualidad est&aacute; constituido por cerca de 30 jugadores. <\/p>\n<p> Pese a que el argentino no fue titular en la temporada anterior, donde marc&oacute; cinco goles, se pensaba que en este 2009 tendr&iacute;a un poco m&aacute;s de acci&oacute;n y que formar&iacute;a dupla con el uruguayo Juan Manuel Olivera, teniendo en cuenta la poca cantidad de plantel que tiene el elenco azul y la poca producci&oacute;n demostrada por el argentino Hugo Notario. <\/p>\n<p> Junto a Milla, deber&aacute;n buscar nuevos horizontes para esta temporada Angel Rojas, quien volv&iacute;a al club tras estar en el&nbsp; 2008 en Everton, y los defensores&nbsp; Robin Melo, proveniente de La Calera y Crist&oacute;bal L&oacute;pez, de Santiago Wanderers.&nbsp;  <\/p>\n","protected":false},"excerpt":{"rendered":"<p>Tras una reuni&oacute;n con el atacante argentino, el t&eacute;cnico decidi&oacute; mandarlo a pr&eacute;stamo. Una sorpresiva resoluci&oacute;n tom&oacute; este martes el t&eacute;cnico de Universidad de Chile Sergio Markari&aacute;n, ya que decidi&oacute; enviar a pr&eacute;stamo al delantero argentino Cristi&aacute;n Milla, seg&uacute;n inform&oacute; este martes Al Aire Libre en Cooperativa.<\/p>\n","protected":false},"author":1,"featured_media":0,"comment_status":"open","ping_status":"open","sticky":false,"template":"","format":"standard","meta":{"footnotes":""},"categories":[18],"tags":[],"class_list":{"0":"post-1251","1":"post","2":"type-post","3":"status-publish","4":"format-standard","6":"category-actualidad"},"_links":{"self":[{"href":"https:\/\/www.rincondelbulla.cl\/portal\/wp-json\/wp\/v2\/posts\/1251","targetHints":{"allow":["GET"]}}],"collection":[{"href":"https:\/\/www.rincondelbulla.cl\/portal\/wp-json\/wp\/v2\/posts"}],"about":[{"href":"https:\/\/www.rincondelbulla.cl\/portal\/wp-json\/wp\/v2\/types\/post"}],"author":[{"embeddable":true,"href":"https:\/\/www.rincondelbulla.cl\/portal\/wp-json\/wp\/v2\/users\/1"}],"replies":[{"embeddable":true,"href":"https:\/\/www.rincondelbulla.cl\/portal\/wp-json\/wp\/v2\/comments?post=1251"}],"version-history":[{"count":0,"href":"https:\/\/www.rincondelbulla.cl\/portal\/wp-json\/wp\/v2\/posts\/1251\/revisions"}],"wp:attachment":[{"href":"https:\/\/www.rincondelbulla.cl\/portal\/wp-json\/wp\/v2\/media?parent=1251"}],"wp:term":[{"taxonomy":"category","embeddable":true,"href":"https:\/\/www.rincondelbulla.cl\/portal\/wp-json\/wp\/v2\/categories?post=1251"},{"taxonomy":"post_tag","embeddable":true,"href":"https:\/\/www.rincondelbulla.cl\/portal\/wp-json\/wp\/v2\/tags?post=1251"}],"curies":[{"name":"wp","href":"https:\/\/api.w.org\/{rel}","templated":true}]}}