{"id":1255,"date":"2009-01-22T12:00:41","date_gmt":"2009-01-22T12:00:41","guid":{"rendered":"http:\/\/www.rincondelbulla.cl\/portal\/?p=1255"},"modified":"2009-01-22T12:00:41","modified_gmt":"2009-01-22T12:00:41","slug":"cristian-milla-esta-sentido-con-sergio-markarian-no-me-lo-dijo-de-frente","status":"publish","type":"post","link":"https:\/\/www.rincondelbulla.cl\/portal\/2009\/01\/22\/cristian-milla-esta-sentido-con-sergio-markarian-no-me-lo-dijo-de-frente\/","title":{"rendered":"Cristi\u00e1n Milla est\u00e1 sentido con Sergio Markari\u00e1n: \u00abNo me lo dijo de frente\u00bb"},"content":{"rendered":"<p><img decoding=\"async\" src=\"images\/stories\/cristianmilla4.jpg\" hspace=\"6\" alt=\"\" title=\"\" border=\"0\" style=\"float: left;\" \/><b>El delantero, que ahora est&aacute; buscando d&oacute;nde jugar, dice que el DT azul le tir&oacute; la pelota a los dirigentes al declararlo &quot;prescindible&quot; y no le explic&oacute; claramente por qu&eacute; lo sacaba del equipo.<\/b><br \/> Est&aacute; mosqueado el ariete de la U Cristi&aacute;n Milla.Ayer, ante la segunda andanada de periodistas que se le acercaba en la jornada, opt&oacute; por encerrarse en su auto  <!--more--> y no bajar el vidrio para conversar.<\/p>\n<p> Sali&oacute; raudo del Caracol Azul, a pesar de que minutos antes hab&iacute;a convertido un gol en la pr&aacute;ctica de f&uacute;tbol que el equipo de Sergio Markari&aacute;n disput&oacute; con una mixtura de futbolistas cesantes que entrenan en el Sifup.<\/p>\n<p> Al ariete, que en trece partidos con los azules anot&oacute; cinco goles en el Clausura pasado, todav&iacute;a le dan vueltas las palabras del DT Sergio Markari&aacute;n.<\/p>\n<p> Y cada vez tiene m&aacute;s rabia.<\/p>\n<p> &quot;Las palabras de &eacute;l eran como que me iba a mandar a pr&eacute;stamo, pero si la comisi&oacute;n directiva me salvaba me iba a quedar. No entend&iacute; bien. Le pregunt&eacute; cu&aacute;ndo se decid&iacute;a esto y me dijo que &eacute;l me iba a avisar. A los 20 minutos recib&iacute; la llamada de Johnny (Ashwell, gerente deportivo de la U), confirm&aacute;ndomelo&quot;, relat&oacute; Milla.<\/p>\n<p> <b>-&iquest;Nunca le dijeron que se ten&iacute;a que ir?<\/b><\/p>\n<p> &quot;Me molest&oacute; que no me lo dijera de frente. &Eacute;l deber&iacute;a haberme dicho &#8216;te ten&eacute;s que ir&#8217; y ya est&aacute;. Pero me dijo que estaba en la lista de los que podr&iacute;an partir a pr&eacute;stamo, pero no me lo hab&iacute;a confirmado. No entiendo eso de que si la comisi&oacute;n me salvaba me iba a quedar. Pero para qu&eacute; si &eacute;l es el que manda el grupo, para qu&eacute; me iba a quedar&quot;.<\/p>\n<p> Y continu&oacute;: &quot;Ya con el llamado de Johnny me qued&oacute; claro. Me dijo que no pod&iacute;an hacer nada. Eso me molest&oacute;. Pero esto es f&uacute;tbol y a algunos les molesta y a otros no. Que no sean sinceros y que den vueltas me enoj&oacute;&quot;.<\/p>\n<p> <b>-&iquest;Y qu&eacute; har&aacute; ahora?<\/b><\/p>\n<p> &quot;Hay que esperar. Si me sale algo que me interese y es mejor para m&iacute;, me ir&eacute;. Si no, esperar&eacute; ac&aacute;. No hay nada confirmado&quot;, finaliz&oacute; Milla, quien sigue yendo a todas las pr&aacute;cticas en el Caracol.<\/p>\n<p> <u><b>Notario: &quot;De a poco me voy acostumbrando&quot;<\/b><\/u><\/p>\n<p> Hugo Notario dice que le ha costado adaptarse al medio chileno. Ayer, Sergio Markari&aacute;n parti&oacute; el amistoso con el equipo del Sifup jugando con Sebasti&aacute;n Pardo cubriendo la zona derecha del mediocampo y con el argentino en la banca.<\/p>\n<p> Un esguince de Pardo le permiti&oacute; mostrar algo de sus cualidades. Pero a cuentagotas. Notario cuenta por qu&eacute;. &quot;Me falta todav&iacute;a. Es dif&iacute;cil adaptarse a un esquema distinto al que ven&iacute;a jugando antes. Cuesta. De a poco me voy acostumbrando&quot;, dijo.<\/p>\n<p> <b>-&iquest;Est&aacute; muy lejos de su nivel?<\/b><\/p>\n<p> &quot;Me estoy aflojando (de la pretemporada) de a poco&quot;.<\/p>\n<p> Markari&aacute;n usar&aacute; un 4-4-2 ante Pachuca, pero tiene dos dudas: Pardo o Notario por la derecha en la zona de volantes y Villalobos u Olivera acompa&ntilde;ando a Hern&aacute;ndez arriba. Ayer jugaron Pardo y &quot;Villagol&quot;. Se espera la recuperaci&oacute;n de Osvaldo Gonz&aacute;lez (tiene una contusi&oacute;n). Mientras, lo suple Juan Gonz&aacute;lez.<\/p>\n<p> El entrenador uruguayo ayer se quej&oacute; de que &quot;nos estamos preparando (para el partido ante Pachuca) dentro de dificultades que son notorias y que la prensa refleja cada d&iacute;a&#8230; Esperamos cumplir de la mejor manera&quot;. <\/p>\n","protected":false},"excerpt":{"rendered":"<p>El delantero, que ahora est&aacute; buscando d&oacute;nde jugar, dice que el DT azul le tir&oacute; la pelota a los dirigentes al declararlo &quot;prescindible&quot; y no le explic&oacute; claramente por qu&eacute; lo sacaba del equipo. Est&aacute; mosqueado el ariete de la U Cristi&aacute;n Milla.Ayer, ante la segunda andanada de periodistas que se le acercaba en la [&#8230;]<\/p>\n","protected":false},"author":1,"featured_media":0,"comment_status":"open","ping_status":"open","sticky":false,"template":"","format":"standard","meta":{"footnotes":""},"categories":[18],"tags":[],"class_list":{"0":"post-1255","1":"post","2":"type-post","3":"status-publish","4":"format-standard","6":"category-actualidad"},"_links":{"self":[{"href":"https:\/\/www.rincondelbulla.cl\/portal\/wp-json\/wp\/v2\/posts\/1255","targetHints":{"allow":["GET"]}}],"collection":[{"href":"https:\/\/www.rincondelbulla.cl\/portal\/wp-json\/wp\/v2\/posts"}],"about":[{"href":"https:\/\/www.rincondelbulla.cl\/portal\/wp-json\/wp\/v2\/types\/post"}],"author":[{"embeddable":true,"href":"https:\/\/www.rincondelbulla.cl\/portal\/wp-json\/wp\/v2\/users\/1"}],"replies":[{"embeddable":true,"href":"https:\/\/www.rincondelbulla.cl\/portal\/wp-json\/wp\/v2\/comments?post=1255"}],"version-history":[{"count":0,"href":"https:\/\/www.rincondelbulla.cl\/portal\/wp-json\/wp\/v2\/posts\/1255\/revisions"}],"wp:attachment":[{"href":"https:\/\/www.rincondelbulla.cl\/portal\/wp-json\/wp\/v2\/media?parent=1255"}],"wp:term":[{"taxonomy":"category","embeddable":true,"href":"https:\/\/www.rincondelbulla.cl\/portal\/wp-json\/wp\/v2\/categories?post=1255"},{"taxonomy":"post_tag","embeddable":true,"href":"https:\/\/www.rincondelbulla.cl\/portal\/wp-json\/wp\/v2\/tags?post=1255"}],"curies":[{"name":"wp","href":"https:\/\/api.w.org\/{rel}","templated":true}]}}