{"id":12701,"date":"2017-09-27T19:50:12","date_gmt":"2017-09-27T22:50:12","guid":{"rendered":"http:\/\/www.rincondelbulla.cl\/portal\/?p=12701"},"modified":"2017-09-27T19:51:03","modified_gmt":"2017-09-27T22:51:03","slug":"heller-cree-que-la-u-puede-hacer-algo-mas-estamos-con-la-fe-intacta","status":"publish","type":"post","link":"https:\/\/www.rincondelbulla.cl\/portal\/2017\/09\/27\/heller-cree-que-la-u-puede-hacer-algo-mas-estamos-con-la-fe-intacta\/","title":{"rendered":"Heller cree que la U puede hacer algo m\u00e1s \u00abEstamos con la fe intacta\u00bb"},"content":{"rendered":"<figure id=\"attachment_12702\" aria-describedby=\"caption-attachment-12702\" style=\"width: 1346px\" class=\"wp-caption aligncenter\"><img loading=\"lazy\" decoding=\"async\" class=\"wp-image-12702 size-full\" src=\"http:\/\/www.rincondelbulla.cl\/portal\/wp-content\/uploads\/2017\/09\/Heller.jpg\" alt=\"\" width=\"1346\" height=\"897\" srcset=\"https:\/\/www.rincondelbulla.cl\/portal\/wp-content\/uploads\/2017\/09\/Heller.jpg 1346w, https:\/\/www.rincondelbulla.cl\/portal\/wp-content\/uploads\/2017\/09\/Heller-300x200.jpg 300w, https:\/\/www.rincondelbulla.cl\/portal\/wp-content\/uploads\/2017\/09\/Heller-768x512.jpg 768w, https:\/\/www.rincondelbulla.cl\/portal\/wp-content\/uploads\/2017\/09\/Heller-1200x800.jpg 1200w, https:\/\/www.rincondelbulla.cl\/portal\/wp-content\/uploads\/2017\/09\/Heller-696x464.jpg 696w, https:\/\/www.rincondelbulla.cl\/portal\/wp-content\/uploads\/2017\/09\/Heller-1068x712.jpg 1068w, https:\/\/www.rincondelbulla.cl\/portal\/wp-content\/uploads\/2017\/09\/Heller-630x420.jpg 630w\" sizes=\"auto, (max-width: 1346px) 100vw, 1346px\" \/><figcaption id=\"caption-attachment-12702\" class=\"wp-caption-text\">Fotograf\u00eda: Agencia Uno<\/figcaption><\/figure>\n<p><strong>Como cada d\u00eda mi\u00e9rcoles se reuni\u00f3 la comisi\u00f3n f\u00fatbol de Universidad de Chile a comentar y resolver la actualidad del cuadro m\u00e1gico y despu\u00e9s de un tiempo el presidente azul, Carlos Heller convers\u00f3 con los medios.<\/strong><\/p>\n<p>El momento que vive el cuadro m\u00e1gico es clave, el partido ante Uni\u00f3n de este s\u00e1bado es una \u00faltima oportunidad por pelear algo en el Transici\u00f3n y el presidente lo tiene claro:\u00a0\u00abEstamos ah\u00ed, el s\u00e1bado es un partido bisagra para meternos en la pelea\u00bb, coment\u00f3 a Radio Bio Bio.<\/p>\n<p>Agreg\u00f3 que:\u00a0\u00abEstar a seis puntos y quedar a nueve es muy lejos. Estar a nueve o tres es una gran diferencia. Hay que saber sobreponerse a todo, estamos con la fe intacta y vamos por los dos torneos\u00bb.<\/p>\n<p>Lo importante y clave es que Pinilla est\u00e1 convirtiendo, cosa que tiene muy contento al mandam\u00e1s de la U:\u00a0\u00a0\u00abMauricio es de la U, quiso volver y ahora se dio. Por suerte est\u00e1 convirtiendo goles, se est\u00e1 jugando de poder llegar a la selecci\u00f3n, ojal\u00e1 que al Mundial que es lo que queremos todos\u00bb.<\/p>\n<p>Finalmente la continuidad de algunos jugadores, particularmente de Pizarro, es otro tema importante para Heller:\u00a0\u00a0\u00abOjal\u00e1 que pueda seguir con nosotros para la Copa Libertadores pero es una decisi\u00f3n muy personal, tenemos las puertas abiertas y ser\u00eda muy positivo que siga en la instituci\u00f3n, ya que es un aporte tremendo\u00bb.<\/p>\n","protected":false},"excerpt":{"rendered":"<p>Como cada d\u00eda mi\u00e9rcoles se reuni\u00f3 la comisi\u00f3n f\u00fatbol de Universidad de Chile a comentar y resolver la actualidad del cuadro m\u00e1gico y despu\u00e9s de un tiempo el presidente azul, Carlos Heller convers\u00f3 con los medios. El momento que vive el cuadro m\u00e1gico es clave, el partido ante Uni\u00f3n de este s\u00e1bado es una \u00faltima [&#8230;]<\/p>\n","protected":false},"author":21398,"featured_media":12702,"comment_status":"closed","ping_status":"open","sticky":false,"template":"","format":"standard","meta":{"footnotes":""},"categories":[18],"tags":[454,192,1233,1116,111,631,1231,1232,156],"class_list":{"0":"post-12701","1":"post","2":"type-post","3":"status-publish","4":"format-standard","5":"has-post-thumbnail","7":"category-actualidad","8":"tag-actualidad","9":"tag-carlos-heller","10":"tag-comision-futbol","11":"tag-cuadro-magico","12":"tag-david-pizarro","13":"tag-mauricio-pinilla","14":"tag-presidente-azul-azul","15":"tag-presidente-de-la-u","16":"tag-universidad-de-chile"},"_links":{"self":[{"href":"https:\/\/www.rincondelbulla.cl\/portal\/wp-json\/wp\/v2\/posts\/12701","targetHints":{"allow":["GET"]}}],"collection":[{"href":"https:\/\/www.rincondelbulla.cl\/portal\/wp-json\/wp\/v2\/posts"}],"about":[{"href":"https:\/\/www.rincondelbulla.cl\/portal\/wp-json\/wp\/v2\/types\/post"}],"author":[{"embeddable":true,"href":"https:\/\/www.rincondelbulla.cl\/portal\/wp-json\/wp\/v2\/users\/21398"}],"replies":[{"embeddable":true,"href":"https:\/\/www.rincondelbulla.cl\/portal\/wp-json\/wp\/v2\/comments?post=12701"}],"version-history":[{"count":2,"href":"https:\/\/www.rincondelbulla.cl\/portal\/wp-json\/wp\/v2\/posts\/12701\/revisions"}],"predecessor-version":[{"id":12704,"href":"https:\/\/www.rincondelbulla.cl\/portal\/wp-json\/wp\/v2\/posts\/12701\/revisions\/12704"}],"wp:featuredmedia":[{"embeddable":true,"href":"https:\/\/www.rincondelbulla.cl\/portal\/wp-json\/wp\/v2\/media\/12702"}],"wp:attachment":[{"href":"https:\/\/www.rincondelbulla.cl\/portal\/wp-json\/wp\/v2\/media?parent=12701"}],"wp:term":[{"taxonomy":"category","embeddable":true,"href":"https:\/\/www.rincondelbulla.cl\/portal\/wp-json\/wp\/v2\/categories?post=12701"},{"taxonomy":"post_tag","embeddable":true,"href":"https:\/\/www.rincondelbulla.cl\/portal\/wp-json\/wp\/v2\/tags?post=12701"}],"curies":[{"name":"wp","href":"https:\/\/api.w.org\/{rel}","templated":true}]}}