{"id":12705,"date":"2017-09-28T14:58:27","date_gmt":"2017-09-28T17:58:27","guid":{"rendered":"http:\/\/www.rincondelbulla.cl\/portal\/?p=12705"},"modified":"2017-09-28T14:58:27","modified_gmt":"2017-09-28T17:58:27","slug":"pinilla-un-empate-nos-deja-con-un-pie-afuera","status":"publish","type":"post","link":"https:\/\/www.rincondelbulla.cl\/portal\/2017\/09\/28\/pinilla-un-empate-nos-deja-con-un-pie-afuera\/","title":{"rendered":"Pinilla: \u201cUn empate nos deja con un pie afuera\u00bb"},"content":{"rendered":"<p><img loading=\"lazy\" decoding=\"async\" class=\"aligncenter size-full wp-image-12706\" src=\"http:\/\/www.rincondelbulla.cl\/portal\/wp-content\/uploads\/2017\/09\/Pinilla-CDA-Septiembre.jpg\" alt=\"\" width=\"1200\" height=\"700\" srcset=\"https:\/\/www.rincondelbulla.cl\/portal\/wp-content\/uploads\/2017\/09\/Pinilla-CDA-Septiembre.jpg 1200w, https:\/\/www.rincondelbulla.cl\/portal\/wp-content\/uploads\/2017\/09\/Pinilla-CDA-Septiembre-300x175.jpg 300w, https:\/\/www.rincondelbulla.cl\/portal\/wp-content\/uploads\/2017\/09\/Pinilla-CDA-Septiembre-768x448.jpg 768w, https:\/\/www.rincondelbulla.cl\/portal\/wp-content\/uploads\/2017\/09\/Pinilla-CDA-Septiembre-696x406.jpg 696w, https:\/\/www.rincondelbulla.cl\/portal\/wp-content\/uploads\/2017\/09\/Pinilla-CDA-Septiembre-1068x623.jpg 1068w, https:\/\/www.rincondelbulla.cl\/portal\/wp-content\/uploads\/2017\/09\/Pinilla-CDA-Septiembre-720x420.jpg 720w\" sizes=\"auto, (max-width: 1200px) 100vw, 1200px\" \/><\/p>\n<p><strong>Mauricio Pinilla apunt\u00f3 este jueves a la importancia de sumar de a tres este fin de semana ante el l\u00edder Uni\u00f3n Espa\u00f1ola, en el Estadio Santa Laura, para meterse de lleno en la pelea por el t\u00edtulo del Torneo de Transici\u00f3n.<\/strong><\/p>\n<p>\u201cUn empate nos deja con un pie afuera y una derrota, pr\u00e1cticamente pensando en la Copa Chile\u201d, expres\u00f3 sin dudar el \u20189\u2019 del conjunto azul y uno de los artilleros del presente campeonato, con cinco goles.<\/p>\n<p>Respecto a las cr\u00edticas a la \u00faltima l\u00ednea azul, que ha encajado 13 goles frente a los 11 a favor, Pinilla sali\u00f3 en defensa de la zaga al expresar que \u201cnosotros somos los primeros defensores, si aflojamos creamos una complicaci\u00f3n atr\u00e1s\u201d.<\/p>\n<p>El experimentado ariete tambi\u00e9n fue consultado en el CDA por un posible llamado a la \u2018Roja\u2019, hoy fuera de zona de clasificaci\u00f3n al Mundial de Rusia, para los compromisos decisivos ante Ecuador (5 de octubre) y Brasil (10).<\/p>\n<p>\u201cEstoy jugando bien y feliz porque llegaron los goles. Se han dado las condiciones para ilusionarse, pero hasta el d\u00eda de hoy estoy con la cabeza en Uni\u00f3n Espa\u00f1ola el s\u00e1bado. Si pasa algo, cambiar\u00e9 el chip\u201d, indic\u00f3.<\/p>\n<p>Ante la falta de gol que ha presentado el combinado nacional en los \u00faltimos partidos, Pinilla se\u00f1al\u00f3 que \u201clamentablemente \u00faltimamente la selecci\u00f3n ha tenido ese problema, pero no quiere decir que me llamen a m\u00ed y se solucione el problema. Me ha tocado estar y he marcado y no\u201d.<\/p>\n","protected":false},"excerpt":{"rendered":"<p>Mauricio Pinilla apunt\u00f3 este jueves a la importancia de sumar de a tres este fin de semana ante el l\u00edder Uni\u00f3n Espa\u00f1ola, en el Estadio Santa Laura, para meterse de lleno en la pelea por el t\u00edtulo del Torneo de Transici\u00f3n. \u201cUn empate nos deja con un pie afuera y una derrota, pr\u00e1cticamente pensando en [&#8230;]<\/p>\n","protected":false},"author":21395,"featured_media":12706,"comment_status":"closed","ping_status":"open","sticky":false,"template":"","format":"standard","meta":{"footnotes":""},"categories":[18],"tags":[454,1116,631,470,156],"class_list":{"0":"post-12705","1":"post","2":"type-post","3":"status-publish","4":"format-standard","5":"has-post-thumbnail","7":"category-actualidad","8":"tag-actualidad","9":"tag-cuadro-magico","11":"tag-union-espanola","12":"tag-universidad-de-chile"},"_links":{"self":[{"href":"https:\/\/www.rincondelbulla.cl\/portal\/wp-json\/wp\/v2\/posts\/12705","targetHints":{"allow":["GET"]}}],"collection":[{"href":"https:\/\/www.rincondelbulla.cl\/portal\/wp-json\/wp\/v2\/posts"}],"about":[{"href":"https:\/\/www.rincondelbulla.cl\/portal\/wp-json\/wp\/v2\/types\/post"}],"author":[{"embeddable":true,"href":"https:\/\/www.rincondelbulla.cl\/portal\/wp-json\/wp\/v2\/users\/21395"}],"replies":[{"embeddable":true,"href":"https:\/\/www.rincondelbulla.cl\/portal\/wp-json\/wp\/v2\/comments?post=12705"}],"version-history":[{"count":1,"href":"https:\/\/www.rincondelbulla.cl\/portal\/wp-json\/wp\/v2\/posts\/12705\/revisions"}],"predecessor-version":[{"id":12707,"href":"https:\/\/www.rincondelbulla.cl\/portal\/wp-json\/wp\/v2\/posts\/12705\/revisions\/12707"}],"wp:featuredmedia":[{"embeddable":true,"href":"https:\/\/www.rincondelbulla.cl\/portal\/wp-json\/wp\/v2\/media\/12706"}],"wp:attachment":[{"href":"https:\/\/www.rincondelbulla.cl\/portal\/wp-json\/wp\/v2\/media?parent=12705"}],"wp:term":[{"taxonomy":"category","embeddable":true,"href":"https:\/\/www.rincondelbulla.cl\/portal\/wp-json\/wp\/v2\/categories?post=12705"},{"taxonomy":"post_tag","embeddable":true,"href":"https:\/\/www.rincondelbulla.cl\/portal\/wp-json\/wp\/v2\/tags?post=12705"}],"curies":[{"name":"wp","href":"https:\/\/api.w.org\/{rel}","templated":true}]}}