{"id":12708,"date":"2017-09-29T00:33:24","date_gmt":"2017-09-29T03:33:24","guid":{"rendered":"http:\/\/www.rincondelbulla.cl\/portal\/?p=12708"},"modified":"2017-09-29T00:41:07","modified_gmt":"2017-09-29T03:41:07","slug":"de-punta-en-blanco-la-u-llegara-de-traje-al-estadio","status":"publish","type":"post","link":"https:\/\/www.rincondelbulla.cl\/portal\/2017\/09\/29\/de-punta-en-blanco-la-u-llegara-de-traje-al-estadio\/","title":{"rendered":"De punta en blanco: La U llegar\u00e1 de traje al estadio"},"content":{"rendered":"<figure id=\"attachment_12709\" aria-describedby=\"caption-attachment-12709\" style=\"width: 580px\" class=\"wp-caption aligncenter\"><img loading=\"lazy\" decoding=\"async\" class=\"size-full wp-image-12709\" src=\"http:\/\/www.rincondelbulla.cl\/portal\/wp-content\/uploads\/2017\/09\/20160601204601921.jpg\" alt=\"\" width=\"580\" height=\"326\" srcset=\"https:\/\/www.rincondelbulla.cl\/portal\/wp-content\/uploads\/2017\/09\/20160601204601921.jpg 580w, https:\/\/www.rincondelbulla.cl\/portal\/wp-content\/uploads\/2017\/09\/20160601204601921-300x169.jpg 300w\" sizes=\"auto, (max-width: 580px) 100vw, 580px\" \/><figcaption id=\"caption-attachment-12709\" class=\"wp-caption-text\">Pinilla ya ha vestido de traje. Sin embargo, no por la U sino que para una campa\u00f1a publicitaria.<\/figcaption><\/figure>\n<p><strong>Esta tarde se dio a conocer la sorpresiva noticia: los azules colgar\u00e1n el buzo para darle paso a una vestimenta m\u00e1s formal. Tanto en lo que resta de este torneo como en la pr\u00f3xima Copa Libertadores, el equipo universitario vestir\u00e1 al m\u00e1s puro estilo europeo.<\/strong><\/p>\n<p><!--more--><\/p>\n<p>Un cambio a lo menos radical decidi\u00f3 la directiva de la Universidad de Chile al decidir implementar la vestimenta formal previo a los viajes y partidos. La idea es emular a equipos de talla mundial como el Real Madrid, que en cada viaje tanto por Liga como Champions viste elegante.<\/p>\n<figure id=\"attachment_12710\" aria-describedby=\"caption-attachment-12710\" style=\"width: 800px\" class=\"wp-caption alignright\"><img loading=\"lazy\" decoding=\"async\" class=\"wp-image-12710 size-full\" src=\"http:\/\/www.rincondelbulla.cl\/portal\/wp-content\/uploads\/2017\/09\/RealMadrid.jpg\" alt=\"\" width=\"800\" height=\"533\" srcset=\"https:\/\/www.rincondelbulla.cl\/portal\/wp-content\/uploads\/2017\/09\/RealMadrid.jpg 800w, https:\/\/www.rincondelbulla.cl\/portal\/wp-content\/uploads\/2017\/09\/RealMadrid-300x200.jpg 300w, https:\/\/www.rincondelbulla.cl\/portal\/wp-content\/uploads\/2017\/09\/RealMadrid-768x512.jpg 768w, https:\/\/www.rincondelbulla.cl\/portal\/wp-content\/uploads\/2017\/09\/RealMadrid-696x464.jpg 696w, https:\/\/www.rincondelbulla.cl\/portal\/wp-content\/uploads\/2017\/09\/RealMadrid-630x420.jpg 630w\" sizes=\"auto, (max-width: 800px) 100vw, 800px\" \/><figcaption id=\"caption-attachment-12710\" class=\"wp-caption-text\">Un estilo similar al cuadro espa\u00f1ol emular\u00eda el plantel azul.<\/figcaption><\/figure>\n<p>El look ser\u00e1 -seg\u00fan adelant\u00f3 Fox Sports- de traje azul y camisa blanca.<\/p>\n<p>Un cambio que ya est\u00e1 dando que hablar en las redes sociales.<\/p>\n<p>Y t\u00fa, \u00bfqu\u00e9 opinas del nuevo cambio?<\/p>\n","protected":false},"excerpt":{"rendered":"<p>Esta tarde se dio a conocer la sorpresiva noticia: los azules colgar\u00e1n el buzo para darle paso a una vestimenta m\u00e1s formal. Tanto en lo que resta de este torneo como en la pr\u00f3xima Copa Libertadores, el equipo universitario vestir\u00e1 al m\u00e1s puro estilo europeo.<\/p>\n","protected":false},"author":21383,"featured_media":12712,"comment_status":"closed","ping_status":"open","sticky":false,"template":"","format":"standard","meta":{"footnotes":""},"categories":[18],"tags":[1234,157,1235,1236,156],"class_list":{"0":"post-12708","1":"post","2":"type-post","3":"status-publish","4":"format-standard","5":"has-post-thumbnail","7":"category-actualidad","8":"tag-elegante","9":"tag-portada","10":"tag-real-madrid","11":"tag-traje","12":"tag-universidad-de-chile"},"_links":{"self":[{"href":"https:\/\/www.rincondelbulla.cl\/portal\/wp-json\/wp\/v2\/posts\/12708","targetHints":{"allow":["GET"]}}],"collection":[{"href":"https:\/\/www.rincondelbulla.cl\/portal\/wp-json\/wp\/v2\/posts"}],"about":[{"href":"https:\/\/www.rincondelbulla.cl\/portal\/wp-json\/wp\/v2\/types\/post"}],"author":[{"embeddable":true,"href":"https:\/\/www.rincondelbulla.cl\/portal\/wp-json\/wp\/v2\/users\/21383"}],"replies":[{"embeddable":true,"href":"https:\/\/www.rincondelbulla.cl\/portal\/wp-json\/wp\/v2\/comments?post=12708"}],"version-history":[{"count":5,"href":"https:\/\/www.rincondelbulla.cl\/portal\/wp-json\/wp\/v2\/posts\/12708\/revisions"}],"predecessor-version":[{"id":12716,"href":"https:\/\/www.rincondelbulla.cl\/portal\/wp-json\/wp\/v2\/posts\/12708\/revisions\/12716"}],"wp:featuredmedia":[{"embeddable":true,"href":"https:\/\/www.rincondelbulla.cl\/portal\/wp-json\/wp\/v2\/media\/12712"}],"wp:attachment":[{"href":"https:\/\/www.rincondelbulla.cl\/portal\/wp-json\/wp\/v2\/media?parent=12708"}],"wp:term":[{"taxonomy":"category","embeddable":true,"href":"https:\/\/www.rincondelbulla.cl\/portal\/wp-json\/wp\/v2\/categories?post=12708"},{"taxonomy":"post_tag","embeddable":true,"href":"https:\/\/www.rincondelbulla.cl\/portal\/wp-json\/wp\/v2\/tags?post=12708"}],"curies":[{"name":"wp","href":"https:\/\/api.w.org\/{rel}","templated":true}]}}