{"id":12719,"date":"2017-09-29T16:23:55","date_gmt":"2017-09-29T19:23:55","guid":{"rendered":"http:\/\/www.rincondelbulla.cl\/portal\/?p=12719"},"modified":"2017-09-29T16:29:18","modified_gmt":"2017-09-29T19:29:18","slug":"hoyos-y-duelo-ante-union-decidir-si-hoy-claudicamos-o-no-no-esta-en-mi","status":"publish","type":"post","link":"https:\/\/www.rincondelbulla.cl\/portal\/2017\/09\/29\/hoyos-y-duelo-ante-union-decidir-si-hoy-claudicamos-o-no-no-esta-en-mi\/","title":{"rendered":"Hoyos y duelo ante Uni\u00f3n: \u00abDecidir si hoy claudicamos o no, no est\u00e1 en m\u00ed\u00bb"},"content":{"rendered":"<p><img loading=\"lazy\" decoding=\"async\" class=\"aligncenter size-full wp-image-12008\" src=\"http:\/\/www.rincondelbulla.cl\/portal\/wp-content\/uploads\/2017\/08\/Hoyos-CDA-3-de-agosto.jpg\" alt=\"\" width=\"1280\" height=\"854\" srcset=\"https:\/\/www.rincondelbulla.cl\/portal\/wp-content\/uploads\/2017\/08\/Hoyos-CDA-3-de-agosto.jpg 1280w, https:\/\/www.rincondelbulla.cl\/portal\/wp-content\/uploads\/2017\/08\/Hoyos-CDA-3-de-agosto-300x200.jpg 300w, https:\/\/www.rincondelbulla.cl\/portal\/wp-content\/uploads\/2017\/08\/Hoyos-CDA-3-de-agosto-768x512.jpg 768w, https:\/\/www.rincondelbulla.cl\/portal\/wp-content\/uploads\/2017\/08\/Hoyos-CDA-3-de-agosto-1200x801.jpg 1200w, https:\/\/www.rincondelbulla.cl\/portal\/wp-content\/uploads\/2017\/08\/Hoyos-CDA-3-de-agosto-696x464.jpg 696w, https:\/\/www.rincondelbulla.cl\/portal\/wp-content\/uploads\/2017\/08\/Hoyos-CDA-3-de-agosto-1068x713.jpg 1068w, https:\/\/www.rincondelbulla.cl\/portal\/wp-content\/uploads\/2017\/08\/Hoyos-CDA-3-de-agosto-630x420.jpg 630w\" sizes=\"auto, (max-width: 1280px) 100vw, 1280px\" \/><\/p>\n<p><strong>Guillermo Hoyos en conferencia de prensa est\u00e1 claro que el duelo ante Uni\u00f3n Espa\u00f1ola es un partido bisagra, pero tambi\u00e9n est\u00e1 atento a los llamados de Pizzi para La Roja, en particular con un nombre que podr\u00eda salir por primera vez.<\/strong><\/p>\n<p>\u201cEs un partido important\u00edsimo. Hay diferencia de seis puntos y hay 24 puntos en juego. Hay enfrentamientos directos en los siete partidos restantes. Decidir si hoy claudicamos o no, no est\u00e1 en m\u00ed. Ya dimos la sorpresa en el campeonato pasado\u201d.<\/p>\n<p>\u00abEl partido va a ser muy intenso, los dos lo van a proponer as\u00ed en un campo muy lindo, con la gente muy cerca, habr\u00e1 mucha presi\u00f3n de ambos lados. El que est\u00e9 mil por mil en ese partido va a tener ese m\u00ednimo de ventaja en situaciones\u00bb, a\u00f1adi\u00f3.<\/p>\n<p>Adem\u00e1s, el t\u00e9cnico confirm\u00f3 que el lateral Jean Beausejour regresar\u00e1 en el choque ante los pupilos de Mart\u00edn Palermo. \u00abTenemos a todo el plantel, sacando a Leandro Benegas que viene en recuperaci\u00f3n y Jonathan Zacar\u00eda que termina la \u00faltima semana de lo que hemos propuesto a nivel de trabajo y ser\u00e1 una incorporaci\u00f3n muy buena. Estamos bien, porque regresa Beausejour con todo lo que significa y nos representa, especialmente a la U. Beausejour es \u00fanico\u00bb, expres\u00f3.<\/p>\n<p>Hoyos se refiri\u00f3 al pr\u00f3ximo rival, que est\u00e1 invicto y que no tiene goles en contra. \u00abEs un equipo muy fuerte defensivamente, no se complica, son de tama\u00f1os importantes a nivel de contextura f\u00edsica y hace que sea s\u00f3lido en ese aspecto. Es un juego de estrategia, se basa mucho en eso. Es un equipo que est\u00e1 ah\u00ed por m\u00e9rito propio, no en vano no le han hecho goles, han hecho goles y les ha significado muchos puntos. Hemos trabajado cosas y queremos ver si nos dejan ejecutar\u00bb, sentenci\u00f3.<\/p>\n<p>Ante la posibilidad que el \u2018Lolo\u2019 sea convocado en la n\u00f3mina local de la \u2018Roja\u2019 para los cruces con Ecuador y Brasil, el estratega argentino de los azules declar\u00f3 que \u00ablo veo totalmente, es un jugador que maneja muy bien los equilibrios ofensivo-defensivo y tiene una capacidad extraordinaria de lectura de juego, es determinante para nosotros en todos los factores, hace que el equipo juegue de una forma\u00bb.<\/p>\n<p>En cuanto a los citados que podr\u00eda tener en su plantel para el \u2018Equipo de Todos\u2019, el otrora seleccionador boliviano se\u00f1al\u00f3 que \u201cnos encantar\u00eda que fuesen cuatro cinco o seis jugadores a la Selecci\u00f3n. Hablar\u00eda bien del plantel, es una muy buena causa. Es obvio que despu\u00e9s de la lista tendr\u00edamos que planificar con mayor exactitud con lo que tenemos para Copa Chile\u201d.<\/p>\n<p>\u201cNuestra ilusi\u00f3n siempre ha sido trabajar para que los chicos emigren al exterior o vayan a la Selecci\u00f3n. Contra Audax jugamos un gran partido y no estaban los de la Selecci\u00f3n. Contar con Zacar\u00eda, por ejemplo, va a ser muy importante\u201d, finaliz\u00f3.<\/p>\n<blockquote class=\"twitter-tweet\" data-lang=\"es\">\n<p lang=\"es\" dir=\"ltr\">Nuestra pregunta hoy en la conferencia de Guillermo Hoyos <a href=\"https:\/\/t.co\/eDVzWWZpRj\">https:\/\/t.co\/eDVzWWZpRj<\/a><\/p>\n<p>&mdash; Rinc\u00f3n del Bulla (@rincondelbulla) <a href=\"https:\/\/twitter.com\/rincondelbulla\/status\/913848034844401664?ref_src=twsrc%5Etfw\">29 de septiembre de 2017<\/a><\/p><\/blockquote>\n<p><script async src=\"\/\/platform.twitter.com\/widgets.js\" charset=\"utf-8\"><\/script><\/p>\n","protected":false},"excerpt":{"rendered":"<p>Guillermo Hoyos en conferencia de prensa est\u00e1 claro que el duelo ante Uni\u00f3n Espa\u00f1ola es un partido bisagra, pero tambi\u00e9n est\u00e1 atento a los llamados de Pizzi para La Roja, en particular con un nombre que podr\u00eda salir por primera vez. \u201cEs un partido important\u00edsimo. Hay diferencia de seis puntos y hay 24 puntos en [&#8230;]<\/p>\n","protected":false},"author":21395,"featured_media":11896,"comment_status":"closed","ping_status":"open","sticky":false,"template":"","format":"standard","meta":{"footnotes":""},"categories":[18],"tags":[454,1116,1006,1227,470,156],"class_list":{"0":"post-12719","1":"post","2":"type-post","3":"status-publish","4":"format-standard","5":"has-post-thumbnail","7":"category-actualidad","8":"tag-actualidad","9":"tag-cuadro-magico","10":"tag-guillermo-hoyos","12":"tag-union-espanola","13":"tag-universidad-de-chile"},"_links":{"self":[{"href":"https:\/\/www.rincondelbulla.cl\/portal\/wp-json\/wp\/v2\/posts\/12719","targetHints":{"allow":["GET"]}}],"collection":[{"href":"https:\/\/www.rincondelbulla.cl\/portal\/wp-json\/wp\/v2\/posts"}],"about":[{"href":"https:\/\/www.rincondelbulla.cl\/portal\/wp-json\/wp\/v2\/types\/post"}],"author":[{"embeddable":true,"href":"https:\/\/www.rincondelbulla.cl\/portal\/wp-json\/wp\/v2\/users\/21395"}],"replies":[{"embeddable":true,"href":"https:\/\/www.rincondelbulla.cl\/portal\/wp-json\/wp\/v2\/comments?post=12719"}],"version-history":[{"count":2,"href":"https:\/\/www.rincondelbulla.cl\/portal\/wp-json\/wp\/v2\/posts\/12719\/revisions"}],"predecessor-version":[{"id":12721,"href":"https:\/\/www.rincondelbulla.cl\/portal\/wp-json\/wp\/v2\/posts\/12719\/revisions\/12721"}],"wp:featuredmedia":[{"embeddable":true,"href":"https:\/\/www.rincondelbulla.cl\/portal\/wp-json\/wp\/v2\/media\/11896"}],"wp:attachment":[{"href":"https:\/\/www.rincondelbulla.cl\/portal\/wp-json\/wp\/v2\/media?parent=12719"}],"wp:term":[{"taxonomy":"category","embeddable":true,"href":"https:\/\/www.rincondelbulla.cl\/portal\/wp-json\/wp\/v2\/categories?post=12719"},{"taxonomy":"post_tag","embeddable":true,"href":"https:\/\/www.rincondelbulla.cl\/portal\/wp-json\/wp\/v2\/tags?post=12719"}],"curies":[{"name":"wp","href":"https:\/\/api.w.org\/{rel}","templated":true}]}}