{"id":12799,"date":"2017-10-12T14:48:08","date_gmt":"2017-10-12T17:48:08","guid":{"rendered":"http:\/\/www.rincondelbulla.cl\/portal\/?p=12799"},"modified":"2017-10-12T14:48:08","modified_gmt":"2017-10-12T17:48:08","slug":"pinilla-diaz-y-lorenzetti-las-bajas-del-fin-de-semana","status":"publish","type":"post","link":"https:\/\/www.rincondelbulla.cl\/portal\/2017\/10\/12\/pinilla-diaz-y-lorenzetti-las-bajas-del-fin-de-semana\/","title":{"rendered":"Pinilla, D\u00edaz y Lorenzetti: Las bajas del fin de semana"},"content":{"rendered":"<p><img loading=\"lazy\" decoding=\"async\" class=\"aligncenter size-full wp-image-12797\" src=\"http:\/\/www.rincondelbulla.cl\/portal\/wp-content\/uploads\/2017\/10\/Pinilla.jpg\" alt=\"\" width=\"1197\" height=\"671\" srcset=\"https:\/\/www.rincondelbulla.cl\/portal\/wp-content\/uploads\/2017\/10\/Pinilla.jpg 1197w, https:\/\/www.rincondelbulla.cl\/portal\/wp-content\/uploads\/2017\/10\/Pinilla-300x168.jpg 300w, https:\/\/www.rincondelbulla.cl\/portal\/wp-content\/uploads\/2017\/10\/Pinilla-768x431.jpg 768w, https:\/\/www.rincondelbulla.cl\/portal\/wp-content\/uploads\/2017\/10\/Pinilla-696x390.jpg 696w, https:\/\/www.rincondelbulla.cl\/portal\/wp-content\/uploads\/2017\/10\/Pinilla-1068x599.jpg 1068w, https:\/\/www.rincondelbulla.cl\/portal\/wp-content\/uploads\/2017\/10\/Pinilla-749x420.jpg 749w\" sizes=\"auto, (max-width: 1197px) 100vw, 1197px\" \/><\/p>\n<p><strong>Entre torcedudas y desgarros, estos tres jugadores ser\u00e1n baja para el duelo de este fin de semana ante Antofagasta por el Torneo de Transici\u00f3n.<\/strong><\/p>\n<p>El entrenador \u00c1ngel Guillermo Hoyos no podr\u00e1 contar con el m\u00e1ximo goleador del elenco colegial en el semestre, con cinco tantos. El experimentado ariete sufri\u00f3 un microdesgarro en el isquiotibial de la pierna derecha, durante las pr\u00e1cticas de la \u2018Roja\u2019 de cara al choque con Brasil.<\/p>\n<p>Esta lesi\u00f3n tendr\u00e1 a \u2018Pinigol\u2019 un total cinco d\u00edas inactivo, por lo que volver\u00e1 a las canchas el mi\u00e9rcoles 18 de octubre para el cruce con los \u2018Pumas\u2019 por las semifinales de la Copa Chile 2017.<\/p>\n<p>Otra baja de \u00faltima hora en el actual campe\u00f3n del balompi\u00e9 nacional ser\u00e1 el volante argentino-chileno Gustavo Lorenzetti, quien sufri\u00f3 una torcedura de la rodilla. De esta forma, el nacido en Rosario se suma a Pinilla, Isaac D\u00edaz y Leandro Benegas como las bajas de la \u2018U\u2019.<\/p>\n<p>Por su parte, el defensor Christian Vilches gener\u00f3 dudas esta jornada, tras hacer un trabajo diferenciado en la pr\u00e1ctica, pero su compa\u00f1ero Zacar\u00edas dijo que solo era algo \u00abpreventivo\u00bb.<\/p>\n<p>Con este panorama, Hoyos deber\u00e1 recurrir nuevamente a Sebasti\u00e1n Ubilla y Nicol\u00e1s Guerra, pudiendo sumar a Jean Beausejour o Jonathan Zacar\u00eda como puntero ante la continuidad de Fabi\u00e1n Monz\u00f3n como lateral izquierdo.<\/p>\n","protected":false},"excerpt":{"rendered":"<p>Entre torcedudas y desgarros, estos tres jugadores ser\u00e1n baja para el duelo de este fin de semana ante Antofagasta por el Torneo de Transici\u00f3n. El entrenador \u00c1ngel Guillermo Hoyos no podr\u00e1 contar con el m\u00e1ximo goleador del elenco colegial en el semestre, con cinco tantos. El experimentado ariete sufri\u00f3 un microdesgarro en el isquiotibial de [&#8230;]<\/p>\n","protected":false},"author":21395,"featured_media":12797,"comment_status":"closed","ping_status":"open","sticky":false,"template":"","format":"standard","meta":{"footnotes":""},"categories":[18],"tags":[454,365,1116,78,217,631,1227,156],"class_list":{"0":"post-12799","1":"post","2":"type-post","3":"status-publish","4":"format-standard","5":"has-post-thumbnail","7":"category-actualidad","8":"tag-actualidad","9":"tag-antofagasta","10":"tag-cuadro-magico","11":"tag-gustavo-lorenzetti","12":"tag-isaac-diaz","13":"tag-mauricio-pinilla","14":"tag-torneo-de-transicion","15":"tag-universidad-de-chile"},"_links":{"self":[{"href":"https:\/\/www.rincondelbulla.cl\/portal\/wp-json\/wp\/v2\/posts\/12799","targetHints":{"allow":["GET"]}}],"collection":[{"href":"https:\/\/www.rincondelbulla.cl\/portal\/wp-json\/wp\/v2\/posts"}],"about":[{"href":"https:\/\/www.rincondelbulla.cl\/portal\/wp-json\/wp\/v2\/types\/post"}],"author":[{"embeddable":true,"href":"https:\/\/www.rincondelbulla.cl\/portal\/wp-json\/wp\/v2\/users\/21395"}],"replies":[{"embeddable":true,"href":"https:\/\/www.rincondelbulla.cl\/portal\/wp-json\/wp\/v2\/comments?post=12799"}],"version-history":[{"count":1,"href":"https:\/\/www.rincondelbulla.cl\/portal\/wp-json\/wp\/v2\/posts\/12799\/revisions"}],"predecessor-version":[{"id":12800,"href":"https:\/\/www.rincondelbulla.cl\/portal\/wp-json\/wp\/v2\/posts\/12799\/revisions\/12800"}],"wp:featuredmedia":[{"embeddable":true,"href":"https:\/\/www.rincondelbulla.cl\/portal\/wp-json\/wp\/v2\/media\/12797"}],"wp:attachment":[{"href":"https:\/\/www.rincondelbulla.cl\/portal\/wp-json\/wp\/v2\/media?parent=12799"}],"wp:term":[{"taxonomy":"category","embeddable":true,"href":"https:\/\/www.rincondelbulla.cl\/portal\/wp-json\/wp\/v2\/categories?post=12799"},{"taxonomy":"post_tag","embeddable":true,"href":"https:\/\/www.rincondelbulla.cl\/portal\/wp-json\/wp\/v2\/tags?post=12799"}],"curies":[{"name":"wp","href":"https:\/\/api.w.org\/{rel}","templated":true}]}}