{"id":12856,"date":"2017-10-18T11:34:54","date_gmt":"2017-10-18T14:34:54","guid":{"rendered":"http:\/\/www.rincondelbulla.cl\/portal\/?p=12856"},"modified":"2017-10-18T13:01:28","modified_gmt":"2017-10-18T16:01:28","slug":"joven-asesinado-en-paseo-ahumada-era-ferviente-hincha-azul","status":"publish","type":"post","link":"https:\/\/www.rincondelbulla.cl\/portal\/2017\/10\/18\/joven-asesinado-en-paseo-ahumada-era-ferviente-hincha-azul\/","title":{"rendered":"Joven asesinado en Paseo Ahumada era ferviente hincha azul"},"content":{"rendered":"<p><img loading=\"lazy\" decoding=\"async\" class=\"alignnone wp-image-12857 size-full\" src=\"http:\/\/www.rincondelbulla.cl\/portal\/wp-content\/uploads\/2017\/10\/Pablo-Perez-Lizana.jpg\" alt=\"\" width=\"719\" height=\"728\" srcset=\"https:\/\/www.rincondelbulla.cl\/portal\/wp-content\/uploads\/2017\/10\/Pablo-Perez-Lizana.jpg 719w, https:\/\/www.rincondelbulla.cl\/portal\/wp-content\/uploads\/2017\/10\/Pablo-Perez-Lizana-296x300.jpg 296w, https:\/\/www.rincondelbulla.cl\/portal\/wp-content\/uploads\/2017\/10\/Pablo-Perez-Lizana-696x705.jpg 696w, https:\/\/www.rincondelbulla.cl\/portal\/wp-content\/uploads\/2017\/10\/Pablo-Perez-Lizana-415x420.jpg 415w\" sizes=\"auto, (max-width: 719px) 100vw, 719px\" \/><\/p>\n<p><strong>Camarada de verdad reconocido por sus cercanos, era un miembro activo de la Asamblea de Hinchas Azules.<\/strong><!--more--><\/p>\n<p>La ma\u00f1ana de este martes 17 de octubre nos despertamos con la noticia que un joven de 27 a\u00f1os hab\u00eda sido asesinado tras oponerse a un asalto en pleno Paseo Ahumada. La v\u00edctima fue identificada como Pablo Javier P\u00e9rez Lizana.<\/p>\n<p>Con el pasar de las horas y conocida su identidad, en redes sociales se dio a conocer que este joven, que volv\u00eda desde su lugar de trabajo y era padre de una peque\u00f1a, se caracterizaba por ser un ferviente hincha azul. De hecho, participaba de manera recurrente y activa en la Asamblea de Hinchas Azules, que busca rescatar las ra\u00edces del club y devolv\u00e9rselo a su gente.<\/p>\n<p>Sus funerales ser\u00e1n ma\u00f1ana jueves a las 14 hrs en el Parque El Manantial de Maip\u00fa.<\/p>\n<p>Desde Rinc\u00f3n del Bulla enviamos un afectuoso saludo y nuestras condolencias a sus familiares, amigos, cercanos y camaradas que lo conocieron y caminaron esta ruta con \u00e9l.<\/p>\n<p>Pablo P\u00e9rez Lizana, descansa en paz.<\/p>\n","protected":false},"excerpt":{"rendered":"<p>Camarada de verdad reconocido por sus cercanos, era un miembro activo de la Asamblea de Hinchas Azules.<\/p>\n","protected":false},"author":21382,"featured_media":12857,"comment_status":"closed","ping_status":"open","sticky":false,"template":"","format":"standard","meta":{"footnotes":""},"categories":[18],"tags":[454,278,271,157],"class_list":{"0":"post-12856","1":"post","2":"type-post","3":"status-publish","4":"format-standard","5":"has-post-thumbnail","7":"category-actualidad","8":"tag-actualidad","9":"tag-asamblea-de-hinchas-azules","10":"tag-asamblea-hinchas-azules","11":"tag-portada"},"_links":{"self":[{"href":"https:\/\/www.rincondelbulla.cl\/portal\/wp-json\/wp\/v2\/posts\/12856","targetHints":{"allow":["GET"]}}],"collection":[{"href":"https:\/\/www.rincondelbulla.cl\/portal\/wp-json\/wp\/v2\/posts"}],"about":[{"href":"https:\/\/www.rincondelbulla.cl\/portal\/wp-json\/wp\/v2\/types\/post"}],"author":[{"embeddable":true,"href":"https:\/\/www.rincondelbulla.cl\/portal\/wp-json\/wp\/v2\/users\/21382"}],"replies":[{"embeddable":true,"href":"https:\/\/www.rincondelbulla.cl\/portal\/wp-json\/wp\/v2\/comments?post=12856"}],"version-history":[{"count":2,"href":"https:\/\/www.rincondelbulla.cl\/portal\/wp-json\/wp\/v2\/posts\/12856\/revisions"}],"predecessor-version":[{"id":12861,"href":"https:\/\/www.rincondelbulla.cl\/portal\/wp-json\/wp\/v2\/posts\/12856\/revisions\/12861"}],"wp:featuredmedia":[{"embeddable":true,"href":"https:\/\/www.rincondelbulla.cl\/portal\/wp-json\/wp\/v2\/media\/12857"}],"wp:attachment":[{"href":"https:\/\/www.rincondelbulla.cl\/portal\/wp-json\/wp\/v2\/media?parent=12856"}],"wp:term":[{"taxonomy":"category","embeddable":true,"href":"https:\/\/www.rincondelbulla.cl\/portal\/wp-json\/wp\/v2\/categories?post=12856"},{"taxonomy":"post_tag","embeddable":true,"href":"https:\/\/www.rincondelbulla.cl\/portal\/wp-json\/wp\/v2\/tags?post=12856"}],"curies":[{"name":"wp","href":"https:\/\/api.w.org\/{rel}","templated":true}]}}