{"id":12883,"date":"2017-10-19T16:47:24","date_gmt":"2017-10-19T19:47:24","guid":{"rendered":"http:\/\/www.rincondelbulla.cl\/portal\/?p=12883"},"modified":"2017-10-19T16:48:01","modified_gmt":"2017-10-19T19:48:01","slug":"hasta-la-muerte-alentar-masiva-despedida-a-pablo-perez","status":"publish","type":"post","link":"https:\/\/www.rincondelbulla.cl\/portal\/2017\/10\/19\/hasta-la-muerte-alentar-masiva-despedida-a-pablo-perez\/","title":{"rendered":"\u00a1Hasta la muerte alentar! Masiva despedida a Pablo P\u00e9rez"},"content":{"rendered":"<p><img loading=\"lazy\" decoding=\"async\" class=\"aligncenter size-full wp-image-12886\" src=\"http:\/\/www.rincondelbulla.cl\/portal\/wp-content\/uploads\/2017\/10\/Funeral-Pablo-Lizana.jpg\" alt=\"\" width=\"1244\" height=\"700\" srcset=\"https:\/\/www.rincondelbulla.cl\/portal\/wp-content\/uploads\/2017\/10\/Funeral-Pablo-Lizana.jpg 1244w, https:\/\/www.rincondelbulla.cl\/portal\/wp-content\/uploads\/2017\/10\/Funeral-Pablo-Lizana-300x169.jpg 300w, https:\/\/www.rincondelbulla.cl\/portal\/wp-content\/uploads\/2017\/10\/Funeral-Pablo-Lizana-768x432.jpg 768w, https:\/\/www.rincondelbulla.cl\/portal\/wp-content\/uploads\/2017\/10\/Funeral-Pablo-Lizana-1200x675.jpg 1200w, https:\/\/www.rincondelbulla.cl\/portal\/wp-content\/uploads\/2017\/10\/Funeral-Pablo-Lizana-696x392.jpg 696w, https:\/\/www.rincondelbulla.cl\/portal\/wp-content\/uploads\/2017\/10\/Funeral-Pablo-Lizana-1068x601.jpg 1068w, https:\/\/www.rincondelbulla.cl\/portal\/wp-content\/uploads\/2017\/10\/Funeral-Pablo-Lizana-746x420.jpg 746w\" sizes=\"auto, (max-width: 1244px) 100vw, 1244px\" \/><\/p>\n<p><strong>Cientos de hinchas llegaron esta jornada a despedir al\u00a0cementerio Parque El Manantial en Maip\u00fa al camarada que muri\u00f3 en tr\u00e1gicas condiciones hace pocos d\u00edas.<\/strong><\/p>\n<p>Tal como comentamos en otra nota <a href=\"http:\/\/www.rincondelbulla.cl\/portal\/2017\/10\/18\/joven-asesinado-en-paseo-ahumada-era-ferviente-hincha-azul\/\">Pablo P\u00e9rez fue\u00a0asesinado<\/a> tras oponerse a un asalto en pleno Paseo Ahumada.<\/p>\n<p><img loading=\"lazy\" decoding=\"async\" class=\"aligncenter size-full wp-image-12885\" src=\"http:\/\/www.rincondelbulla.cl\/portal\/wp-content\/uploads\/2017\/10\/Apoyo-Estadio-Familia-P\u00e8rez-Chavez.png\" alt=\"\" width=\"1170\" height=\"694\" srcset=\"https:\/\/www.rincondelbulla.cl\/portal\/wp-content\/uploads\/2017\/10\/Apoyo-Estadio-Familia-P\u00e8rez-Chavez.png 1170w, https:\/\/www.rincondelbulla.cl\/portal\/wp-content\/uploads\/2017\/10\/Apoyo-Estadio-Familia-P\u00e8rez-Chavez-300x178.png 300w, https:\/\/www.rincondelbulla.cl\/portal\/wp-content\/uploads\/2017\/10\/Apoyo-Estadio-Familia-P\u00e8rez-Chavez-768x456.png 768w, https:\/\/www.rincondelbulla.cl\/portal\/wp-content\/uploads\/2017\/10\/Apoyo-Estadio-Familia-P\u00e8rez-Chavez-696x413.png 696w, https:\/\/www.rincondelbulla.cl\/portal\/wp-content\/uploads\/2017\/10\/Apoyo-Estadio-Familia-P\u00e8rez-Chavez-1068x633.png 1068w, https:\/\/www.rincondelbulla.cl\/portal\/wp-content\/uploads\/2017\/10\/Apoyo-Estadio-Familia-P\u00e8rez-Chavez-708x420.png 708w\" sizes=\"auto, (max-width: 1170px) 100vw, 1170px\" \/>Ayer en el duelo ante Antofagasta recibi\u00f3 el sentido homenaje de parte de los hinchas azules y del club, que adem\u00e1s por la tarde envi\u00f3 sus condolencias y una camiseta autografiada por el plantel a la familia.<\/p>\n<p>Hoy los hinchas, familiares y amigos, fueron al camposanto en masa para despedir a este joven de 27 a\u00f1os con c\u00e1nticos y mucha emotividad.<\/p>\n<p>La pareja de \u00abChico P\u00e9rez\u00bb, como le dec\u00edan a Pablo,\u00a0Dania Ch\u00e1vez entreg\u00f3 palabras emotivas sobre su expareja a los presentes en el cementerio: \u00abEstamos agradecidos del gesto, nosotros queremos despedirlo como sabemos que le hubiese gustado: su adi\u00f3s ser\u00e1 un verdadero carnaval\u00bb.<\/p>\n<p>Adem\u00e1s agreg\u00f3 que no esperaba tanto apoyo en estas horas tan complicadas: \u00abnunca esperamos que llegara tante gente al velorio. Y no te digo s\u00f3lo de la \u2018U\u2019, porque vi gente de Colo Colo, Wanderers y otros equipos que lo quer\u00edan tanto. As\u00ed era Pablo, no ten\u00eda fronteras\u201d.<\/p>\n<p>La asamblea de hinchas azules, de donde era miembro adem\u00e1s P\u00e9rez, tambi\u00e9n entregaron su apoyo y la promesa de recuperar el club para los hinchas tal como era el sue\u00f1o de \u00e9l.<\/p>\n<p>\u00a1Descansa en Paz!<\/p>\n<p><strong>Por: Claudio C\u00e1reces<\/strong><\/p>\n","protected":false},"excerpt":{"rendered":"<p>Cientos de hinchas llegaron esta jornada a despedir al\u00a0cementerio Parque El Manantial en Maip\u00fa al camarada que muri\u00f3 en tr\u00e1gicas condiciones hace pocos d\u00edas. Tal como comentamos en otra nota Pablo P\u00e9rez fue\u00a0asesinado tras oponerse a un asalto en pleno Paseo Ahumada. Ayer en el duelo ante Antofagasta recibi\u00f3 el sentido homenaje de parte de [&#8230;]<\/p>\n","protected":false},"author":21398,"featured_media":12886,"comment_status":"closed","ping_status":"open","sticky":false,"template":"","format":"standard","meta":{"footnotes":""},"categories":[18],"tags":[454,278,1116,1226,180,102,1251,156],"class_list":{"0":"post-12883","1":"post","2":"type-post","3":"status-publish","4":"format-standard","5":"has-post-thumbnail","7":"category-actualidad","8":"tag-actualidad","9":"tag-asamblea-de-hinchas-azules","10":"tag-cuadro-magico","11":"tag-funeral","12":"tag-hinchas","13":"tag-los-de-abajo","14":"tag-pablo-perez-lizana","15":"tag-universidad-de-chile"},"_links":{"self":[{"href":"https:\/\/www.rincondelbulla.cl\/portal\/wp-json\/wp\/v2\/posts\/12883","targetHints":{"allow":["GET"]}}],"collection":[{"href":"https:\/\/www.rincondelbulla.cl\/portal\/wp-json\/wp\/v2\/posts"}],"about":[{"href":"https:\/\/www.rincondelbulla.cl\/portal\/wp-json\/wp\/v2\/types\/post"}],"author":[{"embeddable":true,"href":"https:\/\/www.rincondelbulla.cl\/portal\/wp-json\/wp\/v2\/users\/21398"}],"replies":[{"embeddable":true,"href":"https:\/\/www.rincondelbulla.cl\/portal\/wp-json\/wp\/v2\/comments?post=12883"}],"version-history":[{"count":2,"href":"https:\/\/www.rincondelbulla.cl\/portal\/wp-json\/wp\/v2\/posts\/12883\/revisions"}],"predecessor-version":[{"id":12888,"href":"https:\/\/www.rincondelbulla.cl\/portal\/wp-json\/wp\/v2\/posts\/12883\/revisions\/12888"}],"wp:featuredmedia":[{"embeddable":true,"href":"https:\/\/www.rincondelbulla.cl\/portal\/wp-json\/wp\/v2\/media\/12886"}],"wp:attachment":[{"href":"https:\/\/www.rincondelbulla.cl\/portal\/wp-json\/wp\/v2\/media?parent=12883"}],"wp:term":[{"taxonomy":"category","embeddable":true,"href":"https:\/\/www.rincondelbulla.cl\/portal\/wp-json\/wp\/v2\/categories?post=12883"},{"taxonomy":"post_tag","embeddable":true,"href":"https:\/\/www.rincondelbulla.cl\/portal\/wp-json\/wp\/v2\/tags?post=12883"}],"curies":[{"name":"wp","href":"https:\/\/api.w.org\/{rel}","templated":true}]}}