{"id":13043,"date":"2017-11-06T10:26:30","date_gmt":"2017-11-06T13:26:30","guid":{"rendered":"http:\/\/www.rincondelbulla.cl\/portal\/?p=13043"},"modified":"2017-11-06T10:26:30","modified_gmt":"2017-11-06T13:26:30","slug":"el-sustito-de-los-reporteros-graficos","status":"publish","type":"post","link":"https:\/\/www.rincondelbulla.cl\/portal\/2017\/11\/06\/el-sustito-de-los-reporteros-graficos\/","title":{"rendered":"El sustito de los reporteros gr\u00e1ficos"},"content":{"rendered":"<p><img loading=\"lazy\" decoding=\"async\" class=\"aligncenter  wp-image-13045\" src=\"http:\/\/www.rincondelbulla.cl\/portal\/wp-content\/uploads\/2017\/11\/a_uno_860462-640x427.jpg\" alt=\"\" width=\"685\" height=\"457\" srcset=\"https:\/\/www.rincondelbulla.cl\/portal\/wp-content\/uploads\/2017\/11\/a_uno_860462-640x427.jpg 640w, https:\/\/www.rincondelbulla.cl\/portal\/wp-content\/uploads\/2017\/11\/a_uno_860462-640x427-300x200.jpg 300w, https:\/\/www.rincondelbulla.cl\/portal\/wp-content\/uploads\/2017\/11\/a_uno_860462-640x427-630x420.jpg 630w\" sizes=\"auto, (max-width: 685px) 100vw, 685px\" \/><\/p>\n<p><strong>Mauricio Pinilla protagoniz\u00f3 una desafortunada acci\u00f3n en el duelo ante Wanderers.<\/strong><\/p>\n<p>A todos nos gusta que en el estadio nos tomen una foto y que adem\u00e1s, existan fotos de las jugadas del cuadro m\u00e1gico, pero este s\u00e1bado, un colega del diario la cuarta no pudo dejar registro de nada de eso.<\/p>\n<p>Esto, porque en una jugada, Mauricio Pinilla\u00a0chocara con el reportero gr\u00e1fico,\u00a0desatando el enojo del jugador, quien asegur\u00f3 haber quedado con una\u00a0herida en su cadera. Tras el incidente,\u00a0Pinilla tom\u00f3 la c\u00e1mara del reportero y la azot\u00f3 contra la pista atl\u00e9tica, provocando que \u00e9sta se quebrara.<\/p>\n<p>Los dem\u00e1s gr\u00e1ficos estaban al lado, por lo que, el registro del incidente no pas\u00f3 desapercibido y lo registraron, para posteriormente pedirle explicaciones al jugador.<\/p>\n<p>La c\u00e1mara y sus implementos est\u00e1n avaluados en alrededor de<strong>\u00a0<\/strong>cinco millones de pesos, por lo cual al reportero no le qued\u00f3 m\u00e1s que denunciar a Pinilla ante carabineros por lo sucedido.<\/p>\n<p>M\u00e1s tarde el jugador, sin tener contacto directo con el reportero pop, pidi\u00f3 disculpas por lo sucedido en Playa Ancha.<\/p>\n<blockquote class=\"twitter-tweet\" data-lang=\"es\">\n<p dir=\"ltr\" lang=\"es\">Mis sinceras disculpas al reportero gr\u00e1fico por la sucedido hoy no era la intenci\u00f3n da\u00f1ar sus implementos de trabajo &#8230;.<\/p>\n<p>\u2014 Mauricio Pinilla (@pinigol51) <a href=\"https:\/\/twitter.com\/pinigol51\/status\/926883031671083008?ref_src=twsrc%5Etfw\">4 de noviembre de 2017<\/a><\/p><\/blockquote>\n<p><script async src=\"https:\/\/platform.twitter.com\/widgets.js\" charset=\"utf-8\"><\/script><\/p>\n<p><strong>Rinc\u00f3n del Bulla<\/strong> se puso en contacto con el jugador y se gener\u00f3 el v\u00ednculo para que, \u00e9l y el reportero gr\u00e1fico se puedan reunir en el Centro Deportivo Azul.<\/p>\n<p>Esperemos que esto termine de la mejor manera.<\/p>\n","protected":false},"excerpt":{"rendered":"<p>Mauricio Pinilla protagoniz\u00f3 una desafortunada acci\u00f3n en el duelo ante Wanderers. A todos nos gusta que en el estadio nos tomen una foto y que adem\u00e1s, existan fotos de las jugadas del cuadro m\u00e1gico, pero este s\u00e1bado, un colega del diario la cuarta no pudo dejar registro de nada de eso. Esto, porque en una [&#8230;]<\/p>\n","protected":false},"author":21395,"featured_media":13044,"comment_status":"closed","ping_status":"open","sticky":false,"template":"","format":"standard","meta":{"footnotes":""},"categories":[18],"tags":[454,1267,1116,960,631,1266,156,148],"class_list":{"0":"post-13043","1":"post","2":"type-post","3":"status-publish","4":"format-standard","5":"has-post-thumbnail","7":"category-actualidad","8":"tag-actualidad","9":"tag-camara-fotografica","10":"tag-cuadro-magico","11":"tag-la-cuarta","12":"tag-mauricio-pinilla","13":"tag-reportero-grafico","14":"tag-universidad-de-chile","15":"tag-wanderers"},"_links":{"self":[{"href":"https:\/\/www.rincondelbulla.cl\/portal\/wp-json\/wp\/v2\/posts\/13043","targetHints":{"allow":["GET"]}}],"collection":[{"href":"https:\/\/www.rincondelbulla.cl\/portal\/wp-json\/wp\/v2\/posts"}],"about":[{"href":"https:\/\/www.rincondelbulla.cl\/portal\/wp-json\/wp\/v2\/types\/post"}],"author":[{"embeddable":true,"href":"https:\/\/www.rincondelbulla.cl\/portal\/wp-json\/wp\/v2\/users\/21395"}],"replies":[{"embeddable":true,"href":"https:\/\/www.rincondelbulla.cl\/portal\/wp-json\/wp\/v2\/comments?post=13043"}],"version-history":[{"count":1,"href":"https:\/\/www.rincondelbulla.cl\/portal\/wp-json\/wp\/v2\/posts\/13043\/revisions"}],"predecessor-version":[{"id":13046,"href":"https:\/\/www.rincondelbulla.cl\/portal\/wp-json\/wp\/v2\/posts\/13043\/revisions\/13046"}],"wp:featuredmedia":[{"embeddable":true,"href":"https:\/\/www.rincondelbulla.cl\/portal\/wp-json\/wp\/v2\/media\/13044"}],"wp:attachment":[{"href":"https:\/\/www.rincondelbulla.cl\/portal\/wp-json\/wp\/v2\/media?parent=13043"}],"wp:term":[{"taxonomy":"category","embeddable":true,"href":"https:\/\/www.rincondelbulla.cl\/portal\/wp-json\/wp\/v2\/categories?post=13043"},{"taxonomy":"post_tag","embeddable":true,"href":"https:\/\/www.rincondelbulla.cl\/portal\/wp-json\/wp\/v2\/tags?post=13043"}],"curies":[{"name":"wp","href":"https:\/\/api.w.org\/{rel}","templated":true}]}}