{"id":13047,"date":"2017-11-06T10:39:30","date_gmt":"2017-11-06T13:39:30","guid":{"rendered":"http:\/\/www.rincondelbulla.cl\/portal\/?p=13047"},"modified":"2017-11-06T10:39:30","modified_gmt":"2017-11-06T13:39:30","slug":"toda-la-historia-de-la-u","status":"publish","type":"post","link":"https:\/\/www.rincondelbulla.cl\/portal\/2017\/11\/06\/toda-la-historia-de-la-u\/","title":{"rendered":"Toda la historia de la U"},"content":{"rendered":"<p><img loading=\"lazy\" decoding=\"async\" class=\"aligncenter size-full wp-image-13048\" src=\"http:\/\/www.rincondelbulla.cl\/portal\/wp-content\/uploads\/2017\/11\/Toda-la-historia-de-la-U.jpg\" alt=\"\" width=\"1200\" height=\"600\" srcset=\"https:\/\/www.rincondelbulla.cl\/portal\/wp-content\/uploads\/2017\/11\/Toda-la-historia-de-la-U.jpg 1200w, https:\/\/www.rincondelbulla.cl\/portal\/wp-content\/uploads\/2017\/11\/Toda-la-historia-de-la-U-300x150.jpg 300w, https:\/\/www.rincondelbulla.cl\/portal\/wp-content\/uploads\/2017\/11\/Toda-la-historia-de-la-U-768x384.jpg 768w, https:\/\/www.rincondelbulla.cl\/portal\/wp-content\/uploads\/2017\/11\/Toda-la-historia-de-la-U-696x348.jpg 696w, https:\/\/www.rincondelbulla.cl\/portal\/wp-content\/uploads\/2017\/11\/Toda-la-historia-de-la-U-1068x534.jpg 1068w, https:\/\/www.rincondelbulla.cl\/portal\/wp-content\/uploads\/2017\/11\/Toda-la-historia-de-la-U-840x420.jpg 840w\" sizes=\"auto, (max-width: 1200px) 100vw, 1200px\" \/><\/p>\n<p><strong>Este viernes en la Feria Internacional del Libro de Santiago, fue presentada esta gran obra de Gustavo Villafranca y Roberto Rab\u00ed.<\/strong><\/p>\n<p>Toda la historia de la U, es un libro de\u00a0de 824 p\u00e1ginas (editorial\u00a0<em>RIL Editores<\/em>) que presenta un minucioso repaso y an\u00e1lisis por la trayectoria del conjunto azul, acompa\u00f1ado de una considerable bibliograf\u00eda y datos.<\/p>\n<p>El libro hace un recorrido por los temas m\u00e1s importantes de la\u00a0U y hace su evoluci\u00f3n tanto en lo deportivo como en lo institucional, c\u00f3mo se ha desarrollado el equipo en el tiempo, que pas\u00f3 de ser la\u00a0Asociaci\u00f3n sencilla universitaria que ten\u00eda hasta terminar en la barra gigante que es hoy en d\u00eda.<\/p>\n<p>Adem\u00e1s, ya que este a\u00f1o, se habla de los \u00ab90 a\u00f1os de historia de la U\u00bb, los autores entregan un gran dato, nuestro amado equipo tiene m\u00e1s a\u00f1os de los que se le reconocen y\u00a0proponen la del\u00a025 de marzo de 1911 como el inicio de toda la historia, cuando los estudiantes de medicina de la Casa de Estudios se decidieron por formar un equipo para competir en las ligas profesionales de Santiago.<\/p>\n<p><strong>Gustavo Villafranca<\/strong>, autor del libro, nos indica, como naci\u00f3 hacer este tremendo material literario.<\/p>\n<p>\u00abYo comenc\u00e9 hace cinco a\u00f1os con un proyecto\u00a0que se llama \u00abU estad\u00edsticas\u00bb, un portal web que naci\u00f3 producto de un trabajo de chico que era anotar todos los partidos de la U y todo lo que sal\u00eda. Ah\u00ed vimos que ven\u00edan los 90 a\u00f1os de la U\u00a0y nos propusimos hacer un libro por esa fecha\u00bb.<\/p>\n<p>\u00bfQu\u00e9 parte de la historia azul te result\u00f3 m\u00e1s relevante?<\/p>\n<p>Hay dos pasajes para m\u00ed: uno es a fines de los 80 cuando la U baja a Segunda, porque es en ese momento donde se produce el cambio fundamental\u00a0de la U. Ah\u00ed, la U se transforma en un fen\u00f3meno social y es en el fracaso cuando la U se hace grande, cuando dice &#8216;volveremos, volveremos&#8217;, genera el temple, el car\u00e1cter, genera una m\u00edstica particular, es por eso que para m\u00ed es el per\u00edodo m\u00e1s relevante. El otro es el que va desde\u00a01911 al 1938 en el per\u00edodo amateur.<\/p>\n<p>Ahora que se acerca Navidad, los amigos secretos o si simplemente quiere darse un gusto, no puede dejar de adquirir esta obra que amplia la literatura azul.<\/p>\n","protected":false},"excerpt":{"rendered":"<p>Este viernes en la Feria Internacional del Libro de Santiago, fue presentada esta gran obra de Gustavo Villafranca y Roberto Rab\u00ed. Toda la historia de la U, es un libro de\u00a0de 824 p\u00e1ginas (editorial\u00a0RIL Editores) que presenta un minucioso repaso y an\u00e1lisis por la trayectoria del conjunto azul, acompa\u00f1ado de una considerable bibliograf\u00eda y datos. [&#8230;]<\/p>\n","protected":false},"author":21395,"featured_media":13048,"comment_status":"closed","ping_status":"open","sticky":false,"template":"","format":"standard","meta":{"footnotes":""},"categories":[18],"tags":[454,1116,1269,1183,1268,1270,156],"class_list":{"0":"post-13047","1":"post","2":"type-post","3":"status-publish","4":"format-standard","5":"has-post-thumbnail","7":"category-actualidad","8":"tag-actualidad","9":"tag-cuadro-magico","10":"tag-gustavo-villafranca","11":"tag-historia-azul","12":"tag-literatura","13":"tag-roberto-rabi","14":"tag-universidad-de-chile"},"_links":{"self":[{"href":"https:\/\/www.rincondelbulla.cl\/portal\/wp-json\/wp\/v2\/posts\/13047","targetHints":{"allow":["GET"]}}],"collection":[{"href":"https:\/\/www.rincondelbulla.cl\/portal\/wp-json\/wp\/v2\/posts"}],"about":[{"href":"https:\/\/www.rincondelbulla.cl\/portal\/wp-json\/wp\/v2\/types\/post"}],"author":[{"embeddable":true,"href":"https:\/\/www.rincondelbulla.cl\/portal\/wp-json\/wp\/v2\/users\/21395"}],"replies":[{"embeddable":true,"href":"https:\/\/www.rincondelbulla.cl\/portal\/wp-json\/wp\/v2\/comments?post=13047"}],"version-history":[{"count":1,"href":"https:\/\/www.rincondelbulla.cl\/portal\/wp-json\/wp\/v2\/posts\/13047\/revisions"}],"predecessor-version":[{"id":13049,"href":"https:\/\/www.rincondelbulla.cl\/portal\/wp-json\/wp\/v2\/posts\/13047\/revisions\/13049"}],"wp:featuredmedia":[{"embeddable":true,"href":"https:\/\/www.rincondelbulla.cl\/portal\/wp-json\/wp\/v2\/media\/13048"}],"wp:attachment":[{"href":"https:\/\/www.rincondelbulla.cl\/portal\/wp-json\/wp\/v2\/media?parent=13047"}],"wp:term":[{"taxonomy":"category","embeddable":true,"href":"https:\/\/www.rincondelbulla.cl\/portal\/wp-json\/wp\/v2\/categories?post=13047"},{"taxonomy":"post_tag","embeddable":true,"href":"https:\/\/www.rincondelbulla.cl\/portal\/wp-json\/wp\/v2\/tags?post=13047"}],"curies":[{"name":"wp","href":"https:\/\/api.w.org\/{rel}","templated":true}]}}