{"id":13066,"date":"2017-11-09T14:55:56","date_gmt":"2017-11-09T17:55:56","guid":{"rendered":"http:\/\/www.rincondelbulla.cl\/portal\/?p=13066"},"modified":"2017-11-09T14:55:56","modified_gmt":"2017-11-09T17:55:56","slug":"fin-del-tema-se-paga-la-camara","status":"publish","type":"post","link":"https:\/\/www.rincondelbulla.cl\/portal\/2017\/11\/09\/fin-del-tema-se-paga-la-camara\/","title":{"rendered":"Fin del tema: Se paga la c\u00e1mara"},"content":{"rendered":"<figure id=\"attachment_13067\" aria-describedby=\"caption-attachment-13067\" style=\"width: 1050px\" class=\"wp-caption aligncenter\"><img loading=\"lazy\" decoding=\"async\" class=\"size-full wp-image-13067\" src=\"http:\/\/www.rincondelbulla.cl\/portal\/wp-content\/uploads\/2017\/11\/C\u00e1mara.jpg\" alt=\"\" width=\"1050\" height=\"700\" srcset=\"https:\/\/www.rincondelbulla.cl\/portal\/wp-content\/uploads\/2017\/11\/C\u00e1mara.jpg 1050w, https:\/\/www.rincondelbulla.cl\/portal\/wp-content\/uploads\/2017\/11\/C\u00e1mara-300x200.jpg 300w, https:\/\/www.rincondelbulla.cl\/portal\/wp-content\/uploads\/2017\/11\/C\u00e1mara-768x512.jpg 768w, https:\/\/www.rincondelbulla.cl\/portal\/wp-content\/uploads\/2017\/11\/C\u00e1mara-696x464.jpg 696w, https:\/\/www.rincondelbulla.cl\/portal\/wp-content\/uploads\/2017\/11\/C\u00e1mara-630x420.jpg 630w\" sizes=\"auto, (max-width: 1050px) 100vw, 1050px\" \/><figcaption id=\"caption-attachment-13067\" class=\"wp-caption-text\">Fotograf\u00eda: Leonardo Rubilar<\/figcaption><\/figure>\n<p><strong>Universidad de Chile decidi\u00f3 finalmente cancelar la c\u00e1mara fotogr\u00e1fica y el lente que el delantero Mauricio Pinilla destroz\u00f3 en los primeros minutos del partido ante Santiago Wanderers, jugado el pasado s\u00e1bado en el Estadio El\u00edas Figueroa de Valpara\u00edso.\u00a0<\/strong><\/p>\n<p>Pinigol se reuni\u00f3 el pasado martes en el CDA con el reportero gr\u00e1fico del diario La Cuarta para alcanzar un acuerdo del pago de la c\u00e1mara, pero el jugador se neg\u00f3 a cancelar una suma superior a los 10 millones de pesos.<\/p>\n<p>La c\u00e1mara en el mercado tiene un costo de 5,5 millones de pesos, mientras que el lente cuesta 6,6 millones.<\/p>\n<p>Tras sacar un centro por la banda derecha, a los 16 minutos de juego, Pinilla choc\u00f3 con el gr\u00e1fico y ofuscado tom\u00f3 el artefacto y lo arroj\u00f3 con violencia al piso. El jugador aclar\u00f3 en su oportunidad que la c\u00e1mara se rompi\u00f3 con el choque y no cuando la bot\u00f3 al suelo.<\/p>\n<p>Tras estos dimes y diretes, el cuadro m\u00e1gico se har\u00e1 cargo al final de pagar el implemento de trabajo del profesional.<\/p>\n<p>\u00a1Tan tan!<\/p>\n","protected":false},"excerpt":{"rendered":"<p>Universidad de Chile decidi\u00f3 finalmente cancelar la c\u00e1mara fotogr\u00e1fica y el lente que el delantero Mauricio Pinilla destroz\u00f3 en los primeros minutos del partido ante Santiago Wanderers, jugado el pasado s\u00e1bado en el Estadio El\u00edas Figueroa de Valpara\u00edso.\u00a0 Pinigol se reuni\u00f3 el pasado martes en el CDA con el reportero gr\u00e1fico del diario La Cuarta [&#8230;]<\/p>\n","protected":false},"author":21398,"featured_media":13067,"comment_status":"closed","ping_status":"open","sticky":false,"template":"","format":"standard","meta":{"footnotes":""},"categories":[18],"tags":[454,1272,960,631,1266,1271],"class_list":{"0":"post-13066","1":"post","2":"type-post","3":"status-publish","4":"format-standard","5":"has-post-thumbnail","7":"category-actualidad","8":"tag-actualidad","9":"tag-camara","10":"tag-la-cuarta","11":"tag-mauricio-pinilla","12":"tag-reportero-grafico","13":"tag-universidad-de-chile-cuadro-magico"},"_links":{"self":[{"href":"https:\/\/www.rincondelbulla.cl\/portal\/wp-json\/wp\/v2\/posts\/13066","targetHints":{"allow":["GET"]}}],"collection":[{"href":"https:\/\/www.rincondelbulla.cl\/portal\/wp-json\/wp\/v2\/posts"}],"about":[{"href":"https:\/\/www.rincondelbulla.cl\/portal\/wp-json\/wp\/v2\/types\/post"}],"author":[{"embeddable":true,"href":"https:\/\/www.rincondelbulla.cl\/portal\/wp-json\/wp\/v2\/users\/21398"}],"replies":[{"embeddable":true,"href":"https:\/\/www.rincondelbulla.cl\/portal\/wp-json\/wp\/v2\/comments?post=13066"}],"version-history":[{"count":1,"href":"https:\/\/www.rincondelbulla.cl\/portal\/wp-json\/wp\/v2\/posts\/13066\/revisions"}],"predecessor-version":[{"id":13068,"href":"https:\/\/www.rincondelbulla.cl\/portal\/wp-json\/wp\/v2\/posts\/13066\/revisions\/13068"}],"wp:featuredmedia":[{"embeddable":true,"href":"https:\/\/www.rincondelbulla.cl\/portal\/wp-json\/wp\/v2\/media\/13067"}],"wp:attachment":[{"href":"https:\/\/www.rincondelbulla.cl\/portal\/wp-json\/wp\/v2\/media?parent=13066"}],"wp:term":[{"taxonomy":"category","embeddable":true,"href":"https:\/\/www.rincondelbulla.cl\/portal\/wp-json\/wp\/v2\/categories?post=13066"},{"taxonomy":"post_tag","embeddable":true,"href":"https:\/\/www.rincondelbulla.cl\/portal\/wp-json\/wp\/v2\/tags?post=13066"}],"curies":[{"name":"wp","href":"https:\/\/api.w.org\/{rel}","templated":true}]}}