{"id":1313,"date":"2009-02-17T18:49:02","date_gmt":"2009-02-17T18:49:02","guid":{"rendered":"http:\/\/www.rincondelbulla.cl\/portal\/?p=1313"},"modified":"2009-02-17T18:49:02","modified_gmt":"2009-02-17T18:49:02","slug":"santa-laura-no-podra-albergar-duelo-entre-union-espanola-y-la-u","status":"publish","type":"post","link":"https:\/\/www.rincondelbulla.cl\/portal\/2009\/02\/17\/santa-laura-no-podra-albergar-duelo-entre-union-espanola-y-la-u\/","title":{"rendered":"Santa Laura no podr\u00e1 albergar duelo entre Uni\u00f3n Espa\u00f1ola y la U"},"content":{"rendered":"<p><img decoding=\"async\" src=\"images\/stories\/stalaura2.jpg\" hspace=\"6\" alt=\"\" title=\"\" border=\"0\" style=\"float: left;\" \/><b>La Municipalidad de Independencia no autoriz&oacute; el uso del estadio pese al visto bueno de la Intendencia y Carabineros. &quot;El alcalde no quiere que se juegue&quot;, acusa el club hispano.<\/b><br \/> Este martes el estadio Santa Laura fue inspeccionado por la Intendencia Metropolitana y Carabineros, con miras al partido programado para el pr&oacute;ximo  <!--more--> s&aacute;bado (20:00 hrs.) entre Uni&oacute;n Espa&ntilde;ola y Universidad de Chile.<\/p>\n<p> Las autoridades solo indicaron la necesidad de un nuevo acceso para el sector Andes, pero a&uacute;n as&iacute; el choque qued&oacute; en entredicho por la aparici&oacute;n de un nuevo actor: la Municipalidad de Independencia.<\/p>\n<p> Uni&oacute;n recibi&oacute; una carta donde el alcalde Antonio Garrido proh&iacute;be el uso del recinto: &quot;Nos lleg&oacute; una carta del alcalde, donde &eacute;l expresa que no est&aacute; de acuerdo en que se juegue el partido, y que derechamente no autoriza el partido, lo cual nos deja bastante sorprendidos&quot;, dijo el presidente hispano, Jorge Segovia.<\/p>\n<p> &quot;El argumento es que los hinchas de la U en el partido anterior de Copa Libertadores (28 de enero frente a Pachuca) hicieron da&ntilde;os en la comuna. No se espec&iacute;fica cu&aacute;les ni tampoco se saben cu&aacute;les, porque nosotros lo desconocemos&quot;, afirm&oacute;.<\/p>\n<p> El timonel del club de colonia explic&oacute; que la Municipalidad apunta a la clausura de una galer&iacute;a y una tribuna, pero aquello &quot;viene de la &eacute;poca en que hab&iacute;an tablones y galer&iacute;as&quot;, dijo a Radio Cooperativa.<\/p>\n<p> &quot;El argumento formal es que hay esta clausura, pero simplemente el alcalde no quiere que se juegue&quot;, concluy&oacute; Segovia. <\/p>\n","protected":false},"excerpt":{"rendered":"<p>La Municipalidad de Independencia no autoriz&oacute; el uso del estadio pese al visto bueno de la Intendencia y Carabineros. &quot;El alcalde no quiere que se juegue&quot;, acusa el club hispano. Este martes el estadio Santa Laura fue inspeccionado por la Intendencia Metropolitana y Carabineros, con miras al partido programado para el pr&oacute;ximo<\/p>\n","protected":false},"author":1,"featured_media":0,"comment_status":"open","ping_status":"open","sticky":false,"template":"","format":"standard","meta":{"footnotes":""},"categories":[18],"tags":[],"class_list":{"0":"post-1313","1":"post","2":"type-post","3":"status-publish","4":"format-standard","6":"category-actualidad"},"_links":{"self":[{"href":"https:\/\/www.rincondelbulla.cl\/portal\/wp-json\/wp\/v2\/posts\/1313","targetHints":{"allow":["GET"]}}],"collection":[{"href":"https:\/\/www.rincondelbulla.cl\/portal\/wp-json\/wp\/v2\/posts"}],"about":[{"href":"https:\/\/www.rincondelbulla.cl\/portal\/wp-json\/wp\/v2\/types\/post"}],"author":[{"embeddable":true,"href":"https:\/\/www.rincondelbulla.cl\/portal\/wp-json\/wp\/v2\/users\/1"}],"replies":[{"embeddable":true,"href":"https:\/\/www.rincondelbulla.cl\/portal\/wp-json\/wp\/v2\/comments?post=1313"}],"version-history":[{"count":0,"href":"https:\/\/www.rincondelbulla.cl\/portal\/wp-json\/wp\/v2\/posts\/1313\/revisions"}],"wp:attachment":[{"href":"https:\/\/www.rincondelbulla.cl\/portal\/wp-json\/wp\/v2\/media?parent=1313"}],"wp:term":[{"taxonomy":"category","embeddable":true,"href":"https:\/\/www.rincondelbulla.cl\/portal\/wp-json\/wp\/v2\/categories?post=1313"},{"taxonomy":"post_tag","embeddable":true,"href":"https:\/\/www.rincondelbulla.cl\/portal\/wp-json\/wp\/v2\/tags?post=1313"}],"curies":[{"name":"wp","href":"https:\/\/api.w.org\/{rel}","templated":true}]}}