{"id":1319,"date":"2009-02-19T13:00:27","date_gmt":"2009-02-19T13:00:27","guid":{"rendered":"http:\/\/www.rincondelbulla.cl\/portal\/?p=1319"},"modified":"2009-02-19T13:00:27","modified_gmt":"2009-02-19T13:00:27","slug":"definitivo-duelo-entre-union-espanola-y-la-u-se-jugara-a-las-1900-horas","status":"publish","type":"post","link":"https:\/\/www.rincondelbulla.cl\/portal\/2009\/02\/19\/definitivo-duelo-entre-union-espanola-y-la-u-se-jugara-a-las-1900-horas\/","title":{"rendered":"Definitivo: Duelo entre Uni\u00f3n Espa\u00f1ola y la U se jugar\u00e1 a las 19:00 horas"},"content":{"rendered":"<p><img decoding=\"async\" src=\"images\/stories\/vsunion.jpg\" hspace=\"6\" alt=\"\" title=\"\" border=\"0\" style=\"float: left;\" \/><b>As&iacute; lo confirm&oacute; la Intendencia Metropolitana y la municipalidad de Independencia, respetando el horario calendarizado inicialmente por la ANFP.<\/b><br \/> Primer se especulaba sobre el estadio d&oacute;nde chocar&iacute;an hispanos y azules. Que el Santa Laura, que no. Finalmente se decidi&oacute; que el escenario ser&iacute;a el reducto de la Plaza Chacabuco y se vender&iacute;an 16 mil entradas.  <!--more--> <\/p>\n<p> Luego, las especulaciones comenzaron en torno al horario del partido. Las cuatro de la tarde parec&iacute;a correr con ventaja, pero finalmente, se confirm&oacute; que se jugar&iacute;a a las 19:00 horas, tal y especulaba con que la justa entre hispanos y azules se jugar&iacute;a a las 16:00 horas, horario estipulado originalmente en el calendario de la ANFP.<\/p>\n<p> As&iacute; lo inform&oacute; la Intendencia Metropolitana y la municipalidad de Indepenedencia.<\/p>\n<p> Eso s&iacute;, se tomaron ciertos resguardos en torno al desarrollo del cotejo en el estadio Santa Laura.<\/p>\n<p> Las puertas del recinto se abrir&aacute;n a las 17;:00 horas y se mantendr&aacute; la capacidad de 16 mil espectadores. Las entradas no estar&aacute;n a la venta el mismo d&iacute;a del partido y s&oacute;lo se podr&aacute;n obtener hasta el pr&oacute;ximo viernes en el sistema Feriaticket.<\/p>\n<p> Finalmente, los Hinchas universitarios deber&aacute;n entrar por calle Guanaco y los rojos lo har&aacute;n por Julio Mart&iacute;nez. <\/p>\n","protected":false},"excerpt":{"rendered":"<p>As&iacute; lo confirm&oacute; la Intendencia Metropolitana y la municipalidad de Independencia, respetando el horario calendarizado inicialmente por la ANFP. Primer se especulaba sobre el estadio d&oacute;nde chocar&iacute;an hispanos y azules. Que el Santa Laura, que no. Finalmente se decidi&oacute; que el escenario ser&iacute;a el reducto de la Plaza Chacabuco y se vender&iacute;an 16 mil entradas.<\/p>\n","protected":false},"author":1,"featured_media":0,"comment_status":"open","ping_status":"open","sticky":false,"template":"","format":"standard","meta":{"footnotes":""},"categories":[18],"tags":[],"class_list":{"0":"post-1319","1":"post","2":"type-post","3":"status-publish","4":"format-standard","6":"category-actualidad"},"_links":{"self":[{"href":"https:\/\/www.rincondelbulla.cl\/portal\/wp-json\/wp\/v2\/posts\/1319","targetHints":{"allow":["GET"]}}],"collection":[{"href":"https:\/\/www.rincondelbulla.cl\/portal\/wp-json\/wp\/v2\/posts"}],"about":[{"href":"https:\/\/www.rincondelbulla.cl\/portal\/wp-json\/wp\/v2\/types\/post"}],"author":[{"embeddable":true,"href":"https:\/\/www.rincondelbulla.cl\/portal\/wp-json\/wp\/v2\/users\/1"}],"replies":[{"embeddable":true,"href":"https:\/\/www.rincondelbulla.cl\/portal\/wp-json\/wp\/v2\/comments?post=1319"}],"version-history":[{"count":0,"href":"https:\/\/www.rincondelbulla.cl\/portal\/wp-json\/wp\/v2\/posts\/1319\/revisions"}],"wp:attachment":[{"href":"https:\/\/www.rincondelbulla.cl\/portal\/wp-json\/wp\/v2\/media?parent=1319"}],"wp:term":[{"taxonomy":"category","embeddable":true,"href":"https:\/\/www.rincondelbulla.cl\/portal\/wp-json\/wp\/v2\/categories?post=1319"},{"taxonomy":"post_tag","embeddable":true,"href":"https:\/\/www.rincondelbulla.cl\/portal\/wp-json\/wp\/v2\/tags?post=1319"}],"curies":[{"name":"wp","href":"https:\/\/api.w.org\/{rel}","templated":true}]}}