{"id":1339,"date":"2009-02-26T12:47:15","date_gmt":"2009-02-26T12:47:15","guid":{"rendered":"http:\/\/www.rincondelbulla.cl\/portal\/?p=1339"},"modified":"2009-02-26T12:47:15","modified_gmt":"2009-02-26T12:47:15","slug":"markarian-valoro-empate-azul-ante-gremio-pero-reconoce-falta-de-ambicion","status":"publish","type":"post","link":"https:\/\/www.rincondelbulla.cl\/portal\/2009\/02\/26\/markarian-valoro-empate-azul-ante-gremio-pero-reconoce-falta-de-ambicion\/","title":{"rendered":"Markari\u00e1n valor\u00f3 empate azul ante Gremio, pero reconoce falta de ambici\u00f3n"},"content":{"rendered":"<p><img decoding=\"async\" src=\"images\/stories\/sergio_markarian5.jpg\" hspace=\"6\" alt=\"\" title=\"\" border=\"0\" style=\"float: left;\" \/><b>El DT de la &quot;U&quot; asegur&oacute; que &quot;fue un buen resultado, pero somos autocr&iacute;ticos y sabemos que as&iacute; no se puede ganar&quot;.<\/b><br \/> Conseguir un empate sin goles ante Gremio en el estadio Ol&iacute;mpico de Porto Alegre sin lugar a dudas en un resultado bueno. As&iacute; lo asegura el t&eacute;cnico de la &quot;U&quot; Sergio Markari&aacute;n, aunque reconoce que el 0-0 con que debutaron en la fase  <!--more--> grupal de la Copa Santander Libertadores careci&oacute; de ambici&oacute;n de su parte.<\/p>\n<p> &quot;Es un buen resultado, pero somos autocr&iacute;ticos y sabemos que as&iacute; no se puede ganar. Hay que buscar una l&iacute;nea futbol&iacute;stica que nos permita hacer lo que hemos hecho en otros partidos&quot;, declar&oacute; el t&eacute;cnico azul a Radio ADN una vez terminado el encuentro.<\/p>\n<p> El estratego uruguayo explica que el empate sin goles &quot;vale. A la heroica vale y con esfuerzo vale. Pero est&aacute; claro que nos habr&iacute;a gustado haber sacado otro resultado con otro juego&quot;.<\/p>\n<p> Los azules volvieron con un punto de Brasil en su estreno en la fase grupal, resultado bueno, pero que Markari&aacute;n dice tom&aacute;rselo con calma, ya que a&uacute;n no encuentra el funcionamiento que espera de sus dirigidos.<\/p>\n<p> &quot;Yo digo que un equipo se construye a partir de hombres, despu&eacute;s se construye en los futbol&iacute;stico. Yo estoy armando el equipo partido a partido. El equipo ideal no va a llegar hasta que tengamos dentro de la cancha toda la gente de calidad que tenemos. Nos vamos a arreglar por mientras tal como lo hicimos ahora&quot;, concluy&oacute; el DT. <\/p>\n","protected":false},"excerpt":{"rendered":"<p>El DT de la &quot;U&quot; asegur&oacute; que &quot;fue un buen resultado, pero somos autocr&iacute;ticos y sabemos que as&iacute; no se puede ganar&quot;. Conseguir un empate sin goles ante Gremio en el estadio Ol&iacute;mpico de Porto Alegre sin lugar a dudas en un resultado bueno. As&iacute; lo asegura el t&eacute;cnico de la &quot;U&quot; Sergio Markari&aacute;n, aunque [&#8230;]<\/p>\n","protected":false},"author":1,"featured_media":0,"comment_status":"open","ping_status":"open","sticky":false,"template":"","format":"standard","meta":{"footnotes":""},"categories":[18],"tags":[],"class_list":{"0":"post-1339","1":"post","2":"type-post","3":"status-publish","4":"format-standard","6":"category-actualidad"},"_links":{"self":[{"href":"https:\/\/www.rincondelbulla.cl\/portal\/wp-json\/wp\/v2\/posts\/1339","targetHints":{"allow":["GET"]}}],"collection":[{"href":"https:\/\/www.rincondelbulla.cl\/portal\/wp-json\/wp\/v2\/posts"}],"about":[{"href":"https:\/\/www.rincondelbulla.cl\/portal\/wp-json\/wp\/v2\/types\/post"}],"author":[{"embeddable":true,"href":"https:\/\/www.rincondelbulla.cl\/portal\/wp-json\/wp\/v2\/users\/1"}],"replies":[{"embeddable":true,"href":"https:\/\/www.rincondelbulla.cl\/portal\/wp-json\/wp\/v2\/comments?post=1339"}],"version-history":[{"count":0,"href":"https:\/\/www.rincondelbulla.cl\/portal\/wp-json\/wp\/v2\/posts\/1339\/revisions"}],"wp:attachment":[{"href":"https:\/\/www.rincondelbulla.cl\/portal\/wp-json\/wp\/v2\/media?parent=1339"}],"wp:term":[{"taxonomy":"category","embeddable":true,"href":"https:\/\/www.rincondelbulla.cl\/portal\/wp-json\/wp\/v2\/categories?post=1339"},{"taxonomy":"post_tag","embeddable":true,"href":"https:\/\/www.rincondelbulla.cl\/portal\/wp-json\/wp\/v2\/tags?post=1339"}],"curies":[{"name":"wp","href":"https:\/\/api.w.org\/{rel}","templated":true}]}}