{"id":13455,"date":"2017-12-30T18:40:07","date_gmt":"2017-12-30T21:40:07","guid":{"rendered":"http:\/\/www.rincondelbulla.cl\/portal\/?p=13455"},"modified":"2017-12-30T18:40:07","modified_gmt":"2017-12-30T21:40:07","slug":"arancibia-no-se-quiere-mover-de-la-u","status":"publish","type":"post","link":"https:\/\/www.rincondelbulla.cl\/portal\/2017\/12\/30\/arancibia-no-se-quiere-mover-de-la-u\/","title":{"rendered":"Arancibia no se quiere mover de la U"},"content":{"rendered":"<p><img loading=\"lazy\" decoding=\"async\" class=\"size-full wp-image-13456\" src=\"http:\/\/www.rincondelbulla.cl\/portal\/wp-content\/uploads\/2017\/12\/Arancibia-y-Caroca.jpg\" alt=\"\" width=\"4606\" height=\"3070\" srcset=\"https:\/\/www.rincondelbulla.cl\/portal\/wp-content\/uploads\/2017\/12\/Arancibia-y-Caroca.jpg 4606w, https:\/\/www.rincondelbulla.cl\/portal\/wp-content\/uploads\/2017\/12\/Arancibia-y-Caroca-300x200.jpg 300w, https:\/\/www.rincondelbulla.cl\/portal\/wp-content\/uploads\/2017\/12\/Arancibia-y-Caroca-768x512.jpg 768w, https:\/\/www.rincondelbulla.cl\/portal\/wp-content\/uploads\/2017\/12\/Arancibia-y-Caroca-1200x800.jpg 1200w, https:\/\/www.rincondelbulla.cl\/portal\/wp-content\/uploads\/2017\/12\/Arancibia-y-Caroca-696x464.jpg 696w, https:\/\/www.rincondelbulla.cl\/portal\/wp-content\/uploads\/2017\/12\/Arancibia-y-Caroca-1068x712.jpg 1068w, https:\/\/www.rincondelbulla.cl\/portal\/wp-content\/uploads\/2017\/12\/Arancibia-y-Caroca-630x420.jpg 630w\" sizes=\"auto, (max-width: 4606px) 100vw, 4606px\" \/><\/p>\n<p><strong>Francisco Arancibia es un joven refuerzo que lleg\u00f3 este a\u00f1o a la U, ha tenido pocos minutos pero promete ser una gran figura, aunque tambi\u00e9n se habla de su partida para la pr\u00f3xima temporada.<\/strong><\/div>\n<p>El Atl\u00e9tico Paranaense y Deportes Temuco, estar\u00edan interesados en el \u00ab19\u00bb de la U.<\/p>\n<p>Respecto a estas situaciones el joven delantero indic\u00f3 que: \u00abSon cosas que se hablan, pero yo tengo la cabeza 100 por ciento en la U, en volver a los entrenamientos y ganar un puesto de titular\u00bb, esto a Radio Cooperativa.<\/p>\n<p>Respecto al a\u00f1o que ha tenido coment\u00f3:\u00a0\u00abFue todo muy r\u00e1pido, comenc\u00e9 a ser titular en O&#8217;Higgins y se medio la oportunidad de llegar a un club grande. Lamentablemente no sum\u00e9 los minutos que pretend\u00eda, Pero esto reci\u00e9n comienza, van apenas seis meses y ahora debo trabajar para ir con todo\u00bb.<\/p>\n<p>Como indicamos al comienzo, sum\u00f3 pocos minutos en el esquema de Guillermo Hoyos, pero sabe que es porque es un equipo complicado:\u00a0\u00abNo s\u00f3lo yo, sino que a muchos j\u00f3venes, como son varios torneos, quiz\u00e1s habr\u00e1 m\u00e1s rotaci\u00f3n y tendremos m\u00e1s oportunidades\u00bb, respecto a lo que viene el pr\u00f3ximo a\u00f1o.<\/p>\n","protected":false},"excerpt":{"rendered":"<p>Francisco Arancibia es un joven refuerzo que lleg\u00f3 este a\u00f1o a la U, ha tenido pocos minutos pero promete ser una gran figura, aunque tambi\u00e9n se habla de su partida para la pr\u00f3xima temporada. El Atl\u00e9tico Paranaense y Deportes Temuco, estar\u00edan interesados en el \u00ab19\u00bb de la U. Respecto a estas situaciones el joven delantero [&#8230;]<\/p>\n","protected":false},"author":21395,"featured_media":13457,"comment_status":"closed","ping_status":"open","sticky":false,"template":"","format":"standard","meta":{"footnotes":""},"categories":[18],"tags":[454,1116,1335,1115,156],"class_list":{"0":"post-13455","1":"post","2":"type-post","3":"status-publish","4":"format-standard","5":"has-post-thumbnail","7":"category-actualidad","8":"tag-actualidad","9":"tag-cuadro-magico","10":"tag-el-galgo","11":"tag-francisco-arancibia","12":"tag-universidad-de-chile"},"_links":{"self":[{"href":"https:\/\/www.rincondelbulla.cl\/portal\/wp-json\/wp\/v2\/posts\/13455","targetHints":{"allow":["GET"]}}],"collection":[{"href":"https:\/\/www.rincondelbulla.cl\/portal\/wp-json\/wp\/v2\/posts"}],"about":[{"href":"https:\/\/www.rincondelbulla.cl\/portal\/wp-json\/wp\/v2\/types\/post"}],"author":[{"embeddable":true,"href":"https:\/\/www.rincondelbulla.cl\/portal\/wp-json\/wp\/v2\/users\/21395"}],"replies":[{"embeddable":true,"href":"https:\/\/www.rincondelbulla.cl\/portal\/wp-json\/wp\/v2\/comments?post=13455"}],"version-history":[{"count":1,"href":"https:\/\/www.rincondelbulla.cl\/portal\/wp-json\/wp\/v2\/posts\/13455\/revisions"}],"predecessor-version":[{"id":13458,"href":"https:\/\/www.rincondelbulla.cl\/portal\/wp-json\/wp\/v2\/posts\/13455\/revisions\/13458"}],"wp:featuredmedia":[{"embeddable":true,"href":"https:\/\/www.rincondelbulla.cl\/portal\/wp-json\/wp\/v2\/media\/13457"}],"wp:attachment":[{"href":"https:\/\/www.rincondelbulla.cl\/portal\/wp-json\/wp\/v2\/media?parent=13455"}],"wp:term":[{"taxonomy":"category","embeddable":true,"href":"https:\/\/www.rincondelbulla.cl\/portal\/wp-json\/wp\/v2\/categories?post=13455"},{"taxonomy":"post_tag","embeddable":true,"href":"https:\/\/www.rincondelbulla.cl\/portal\/wp-json\/wp\/v2\/tags?post=13455"}],"curies":[{"name":"wp","href":"https:\/\/api.w.org\/{rel}","templated":true}]}}