{"id":13476,"date":"2018-01-03T21:48:34","date_gmt":"2018-01-04T00:48:34","guid":{"rendered":"http:\/\/www.rincondelbulla.cl\/portal\/?p=13476"},"modified":"2018-01-03T21:48:34","modified_gmt":"2018-01-04T00:48:34","slug":"felipe-saavedra-se-puso-la-bullanguera","status":"publish","type":"post","link":"https:\/\/www.rincondelbulla.cl\/portal\/2018\/01\/03\/felipe-saavedra-se-puso-la-bullanguera\/","title":{"rendered":"Felipe Saavedra se puso la bullanguera"},"content":{"rendered":"<p><img loading=\"lazy\" decoding=\"async\" class=\"alignleft size-full wp-image-13477\" src=\"http:\/\/www.rincondelbulla.cl\/portal\/wp-content\/uploads\/2018\/01\/Felipe-Saavedra-presentaci\u00f3n.jpg\" alt=\"\" width=\"1400\" height=\"700\" srcset=\"https:\/\/www.rincondelbulla.cl\/portal\/wp-content\/uploads\/2018\/01\/Felipe-Saavedra-presentaci\u00f3n.jpg 1400w, https:\/\/www.rincondelbulla.cl\/portal\/wp-content\/uploads\/2018\/01\/Felipe-Saavedra-presentaci\u00f3n-300x150.jpg 300w, https:\/\/www.rincondelbulla.cl\/portal\/wp-content\/uploads\/2018\/01\/Felipe-Saavedra-presentaci\u00f3n-768x384.jpg 768w, https:\/\/www.rincondelbulla.cl\/portal\/wp-content\/uploads\/2018\/01\/Felipe-Saavedra-presentaci\u00f3n-1200x600.jpg 1200w, https:\/\/www.rincondelbulla.cl\/portal\/wp-content\/uploads\/2018\/01\/Felipe-Saavedra-presentaci\u00f3n-696x348.jpg 696w, https:\/\/www.rincondelbulla.cl\/portal\/wp-content\/uploads\/2018\/01\/Felipe-Saavedra-presentaci\u00f3n-1068x534.jpg 1068w, https:\/\/www.rincondelbulla.cl\/portal\/wp-content\/uploads\/2018\/01\/Felipe-Saavedra-presentaci\u00f3n-840x420.jpg 840w\" sizes=\"auto, (max-width: 1400px) 100vw, 1400px\" \/><\/p>\n<p><strong>Cuadro m\u00e1gico le dio este mi\u00e9rcoles la bienvenida al lateral izquierdo nacional Felipe Saavedra, jugador de 21 a\u00f1os que llega al cuadro azul desde San Luis de Quillota.<\/strong><\/p>\n<p>El fichaje del joven zaguero se concret\u00f3 en julio del a\u00f1o 2017. El elenco colegial compr\u00f3 el 50% del pase del jugador, que igualmente jug\u00f3 el Torneo de Transici\u00f3n con el conjunto canario de Miguel Ram\u00edrez.<\/p>\n<p>\u00ab\u00a1\u00c9xito en este nuevo desaf\u00edo, Pipe!\u00bb, escribi\u00f3 la tienda azul en las redes sociales, con un imagen del jugador con la casaquilla del &#8216;Rom\u00e1ntico Viajero&#8217;.<\/p>\n<p>Saavedra debut\u00f3 profesionalmente con la camiseta de San Luis en 2014, donde jug\u00f3 m\u00e1s de 50 partidos y marc\u00f3 dos goles. Con el equipo de la Quinta Regi\u00f3n fue campe\u00f3n de Primera B en la temporada 2014-2015, donde ascendi\u00f3 a la serie mayor.<\/p>\n<p>\u00abMe caracterizo por mucha disciplina y ser muy profesional. Nunca voy a dejar de luchar por una pelota y dar lo mejor de mi en cada partido\u201d, coment\u00f3 en un video realizado por el sitio oficial de la U.<\/p>\n<p><iframe loading=\"lazy\" src=\"https:\/\/rudo.video\/vod\/oUzchnXxQA\" width=\"600\" height=\"338\" allowfullscreen=\"allowfullscreen\"><\/iframe><\/p>\n","protected":false},"excerpt":{"rendered":"<p>Cuadro m\u00e1gico le dio este mi\u00e9rcoles la bienvenida al lateral izquierdo nacional Felipe Saavedra, jugador de 21 a\u00f1os que llega al cuadro azul desde San Luis de Quillota. El fichaje del joven zaguero se concret\u00f3 en julio del a\u00f1o 2017. El elenco colegial compr\u00f3 el 50% del pase del jugador, que igualmente jug\u00f3 el Torneo [&#8230;]<\/p>\n","protected":false},"author":21395,"featured_media":13477,"comment_status":"closed","ping_status":"open","sticky":false,"template":"","format":"standard","meta":{"footnotes":""},"categories":[18],"tags":[454,1328,777,156],"class_list":{"0":"post-13476","1":"post","2":"type-post","3":"status-publish","4":"format-standard","5":"has-post-thumbnail","7":"category-actualidad","8":"tag-actualidad","9":"tag-felipe-saavedra","10":"tag-refuerzo","11":"tag-universidad-de-chile"},"_links":{"self":[{"href":"https:\/\/www.rincondelbulla.cl\/portal\/wp-json\/wp\/v2\/posts\/13476","targetHints":{"allow":["GET"]}}],"collection":[{"href":"https:\/\/www.rincondelbulla.cl\/portal\/wp-json\/wp\/v2\/posts"}],"about":[{"href":"https:\/\/www.rincondelbulla.cl\/portal\/wp-json\/wp\/v2\/types\/post"}],"author":[{"embeddable":true,"href":"https:\/\/www.rincondelbulla.cl\/portal\/wp-json\/wp\/v2\/users\/21395"}],"replies":[{"embeddable":true,"href":"https:\/\/www.rincondelbulla.cl\/portal\/wp-json\/wp\/v2\/comments?post=13476"}],"version-history":[{"count":1,"href":"https:\/\/www.rincondelbulla.cl\/portal\/wp-json\/wp\/v2\/posts\/13476\/revisions"}],"predecessor-version":[{"id":13478,"href":"https:\/\/www.rincondelbulla.cl\/portal\/wp-json\/wp\/v2\/posts\/13476\/revisions\/13478"}],"wp:featuredmedia":[{"embeddable":true,"href":"https:\/\/www.rincondelbulla.cl\/portal\/wp-json\/wp\/v2\/media\/13477"}],"wp:attachment":[{"href":"https:\/\/www.rincondelbulla.cl\/portal\/wp-json\/wp\/v2\/media?parent=13476"}],"wp:term":[{"taxonomy":"category","embeddable":true,"href":"https:\/\/www.rincondelbulla.cl\/portal\/wp-json\/wp\/v2\/categories?post=13476"},{"taxonomy":"post_tag","embeddable":true,"href":"https:\/\/www.rincondelbulla.cl\/portal\/wp-json\/wp\/v2\/tags?post=13476"}],"curies":[{"name":"wp","href":"https:\/\/api.w.org\/{rel}","templated":true}]}}